{"id":48403,"date":"2019-07-25T08:29:22","date_gmt":"2019-07-25T12:29:22","guid":{"rendered":"https:\/\/linitiative.ca\/International\/tunisie-quen-sera-t-il-de-lorganisation-des-prochaines-elections-presidentielles\/"},"modified":"2019-07-25T08:29:22","modified_gmt":"2019-07-25T12:29:22","slug":"tunisie-quen-sera-t-il-de-lorganisation-des-prochaines-elections-presidentielles","status":"publish","type":"post","link":"https:\/\/linitiative.ca\/International\/tunisie-quen-sera-t-il-de-lorganisation-des-prochaines-elections-presidentielles\/","title":{"rendered":"Tunisie \u2013 Qu\u2019en sera-t-il de l\u2019organisation des prochaines \u00e9lections pr\u00e9sidentielles\u00a0?"},"content":{"rendered":"<div class=\"post-cont-in left relative\">\n<div class=\"swp_social_panel swp_horizontal_panel swp_flat_fresh swp_default_full_color swp_individual_full_color swp_other_full_color scale-100 scale-\" data-min-width=\"1100\" data-float-color=\"#ffffff\" data-float=\"none\" data-float-mobile=\"none\" data-transition=\"slide\">\n<div class=\"nc_tweetContainer swp_share_button total_shares total_sharesalt\"><span class=\"swp_count\">13 <span class=\"swp_label\">Partages<\/span><\/span><\/div>\n<\/div>\n<p>Suite au d\u00e9c\u00e8s du pr\u00e9sident de la R\u00e9publique, B\u00e9ji Ca\u00efed Essebsi, et nonobstant l\u2019absence de la cour constitutionnelle, dont le r\u00f4le devient en cas de d\u00e9c\u00e8s du pr\u00e9sident, n\u00e9gligeable, se limitant \u00e0 rapporter le cas du d\u00e9c\u00e8s \u00e0 l\u2019ARP, le pr\u00e9sident de l\u2019ARP, Mohamed Ennaceur assure l\u2019int\u00e9rim de la pr\u00e9sidence pendant une p\u00e9riode allant de 45 \u00e0 90 jours, en attendant la tenue d\u2019\u00e9lections pr\u00e9sidentielles anticip\u00e9es.<\/p>\n<p>Dans le cas pr\u00e9sent, les \u00e9lections pr\u00e9sidentielles devraient se tenir, si on veut s\u2019en tenir aux dispositions de la constitution, le dimanche 20 octobre.<\/p>\n<div class=\"code-block code-block-1 c5\"><ins class=\"adsbygoogle c4\" data-ad-layout=\"in-article\" data-ad-format=\"fluid\" data-ad-client=\"ca-pub-2102118777505746\" data-ad-slot=\"7301775417\"\/> <\/div>\n<p>La question qui se pose dans cette condition, est de savoir si l\u2019ISIE sera capable d\u2019organiser les \u00e9lections pr\u00e9sidentielles et les \u00e9lections l\u00e9gislatives \u00e0 quelques jours d\u2019intervalle, ou si elle va opter pour leur tenue \u00e0 la m\u00eame date\u00a0?<\/p>\n<div class=\"mvp-org-wrap mvp-org-logo\" itemprop=\"publisher\" itemscope=\"\" itemtype=\"https:\/\/schema.org\/Organization\"><img decoding=\"async\" src=\"https:\/\/www.tunisienumerique.com\/wp-content\/uploads\/2017\/02\/logo_tunisie_numerique.png\"\/><\/div>\n<div class=\"swp_social_panel swp_horizontal_panel swp_flat_fresh swp_default_full_color swp_individual_full_color swp_other_full_color scale-100 scale-\" data-min-width=\"1100\" data-float-color=\"#ffffff\" data-float=\"none\" data-float-mobile=\"none\" data-transition=\"slide\">\n<div class=\"nc_tweetContainer swp_share_button total_shares total_sharesalt\"><span class=\"swp_count\">13 <span class=\"swp_label\">Partages<\/span><\/span><\/div>\n<\/div>\n<div class=\"mvp-related-posts left relative\">\n<h4 class=\"post-header\"><span class=\"post-header\">Lire aussi<\/span><\/h4>\n<\/div>\n<\/div>\n<p>Auteur: LM<br \/>\n<a href=\"https:\/\/www.tunisienumerique.com\/tunisie-quen-sera-t-il-de-lorganisation-des-prochaines-elections-presidentielles\/\">Cliquez ici pour lire l&rsquo;article depuis sa source.<\/a><\/p>\n","protected":false},"excerpt":{"rendered":"<p>13 Partages Suite au d\u00e9c\u00e8s du pr\u00e9sident de la R\u00e9publique, B\u00e9ji Ca\u00efed Essebsi, et nonobstant l\u2019absence de la cour constitutionnelle, dont le r\u00f4le devient en cas de d\u00e9c\u00e8s du pr\u00e9sident, n\u00e9gligeable, se limitant \u00e0 rapporter le cas du d\u00e9c\u00e8s \u00e0 l\u2019ARP, le pr\u00e9sident de l\u2019ARP, Mohamed Ennaceur assure l\u2019int\u00e9rim de la pr\u00e9sidence pendant une p\u00e9riode [&hellip;]<\/p>\n","protected":false},"author":1789,"featured_media":48404,"comment_status":"closed","ping_status":"closed","sticky":false,"template":"","format":"standard","meta":{"fifu_image_url":"","fifu_image_alt":"","footnotes":""},"categories":[73,55],"tags":[],"class_list":["post-48403","post","type-post","status-publish","format-standard","has-post-thumbnail","hentry","category-actualite","category-tunisie"],"_links":{"self":[{"href":"https:\/\/linitiative.ca\/International\/wp-json\/wp\/v2\/posts\/48403","targetHints":{"allow":["GET"]}}],"collection":[{"href":"https:\/\/linitiative.ca\/International\/wp-json\/wp\/v2\/posts"}],"about":[{"href":"https:\/\/linitiative.ca\/International\/wp-json\/wp\/v2\/types\/post"}],"author":[{"embeddable":true,"href":"https:\/\/linitiative.ca\/International\/wp-json\/wp\/v2\/users\/1789"}],"replies":[{"embeddable":true,"href":"https:\/\/linitiative.ca\/International\/wp-json\/wp\/v2\/comments?post=48403"}],"version-history":[{"count":0,"href":"https:\/\/linitiative.ca\/International\/wp-json\/wp\/v2\/posts\/48403\/revisions"}],"wp:featuredmedia":[{"embeddable":true,"href":"https:\/\/linitiative.ca\/International\/wp-json\/"}],"wp:attachment":[{"href":"https:\/\/linitiative.ca\/International\/wp-json\/wp\/v2\/media?parent=48403"}],"wp:term":[{"taxonomy":"category","embeddable":true,"href":"https:\/\/linitiative.ca\/International\/wp-json\/wp\/v2\/categories?post=48403"},{"taxonomy":"post_tag","embeddable":true,"href":"https:\/\/linitiative.ca\/International\/wp-json\/wp\/v2\/tags?post=48403"}],"curies":[{"name":"wp","href":"https:\/\/api.w.org\/{rel}","templated":true}]}}