{"id":48405,"date":"2019-07-25T08:45:54","date_gmt":"2019-07-25T12:45:54","guid":{"rendered":"https:\/\/linitiative.ca\/International\/bouayach-lapproche-genre-a-hauteur-de-35-dans-la-nouvelle-composition-du-cndh\/"},"modified":"2019-07-25T08:45:54","modified_gmt":"2019-07-25T12:45:54","slug":"bouayach-lapproche-genre-a-hauteur-de-35-dans-la-nouvelle-composition-du-cndh","status":"publish","type":"post","link":"https:\/\/linitiative.ca\/International\/bouayach-lapproche-genre-a-hauteur-de-35-dans-la-nouvelle-composition-du-cndh\/","title":{"rendered":"Bouayach: \u00abL\u2019approche genre \u00e0 hauteur de 35% dans la nouvelle composition du CNDH\u00bb"},"content":{"rendered":"<p class=\"c4\"><span class=\"c3\"><span class=\"c2\">C\u00e9r\u00e9monie d\u2019accueil \u00e0 l\u2019honneur de ses nouveaux membres du CNDH<\/span><\/span><\/p>\n<p class=\"c6\"><strong><span class=\"c5\"><span class=\"c3\">L\u2019<\/span>approche genre a \u00e9t\u00e9 int\u00e9gr\u00e9 \u00e0 hauteur de 35% dans la nouvelle composition du Conseil national des droits de l\u2019homme (CNDH), a affirm\u00e9, mardi \u00e0 Rabat, Amina Bouayach, Pr\u00e9sidente du Conseil.<\/span><\/strong><\/p>\n<p class=\"c6\">\u00ab\u00a0La nouvelle composition du Conseil, nomm\u00e9e par Sa Majest\u00e9 le Roi Mohammed VI, refl\u00e8te une diversit\u00e9 au niveau intellectuel, social, culturel, linguistique et territorial\u00a0\u00bb, a relev\u00e9 Mme Bouayach, lors d\u2019une c\u00e9r\u00e9monie d\u2019accueil, organis\u00e9e par le CNDH \u00e0 l\u2019honneur de ses nouveaux membres, ajoutant que l\u2019int\u00e9gration de l\u2019approche genre sera \u00e9galement consolid\u00e9e lors de la nomination des membres des comit\u00e9s r\u00e9gionaux du Conseil. \u00abNous avons d\u00e9sormais un nouvel horizon en faveur des droits de l\u2019Homme, et ce dans le cadre d\u2019un engagement moral, d\u2019une responsabilit\u00e9 juridique et d\u2019un travail quotidien \u00e0 l\u2019avantage des victimes de violations des droits de l\u2019homme\u00bb, a indiqu\u00e9 Bouayach dans une d\u00e9claration \u00e0 la MAP en marge de cette c\u00e9r\u00e9monie.<\/p>\n<p class=\"c6\">Par ailleurs, la pr\u00e9sidente du CNDH a soulign\u00e9 que les nouveaux membres s\u2019engageront \u00e0 mettre en \u0153uvre les comp\u00e9tences \u00e9largies du CNDH, notamment, la d\u00e9lib\u00e9ration autour du projet relatif au r\u00e8glement int\u00e9rieur du Conseil et son approbation, la nomination des membres du M\u00e9canisme national de pr\u00e9vention de la torture, du M\u00e9canisme national de recours pour les enfants victimes de violations de leurs droits, et du M\u00e9canisme national de protection des personnes en situation de handicap.<\/p>\n<p class=\"c6\">\u00ab\u00a0Les nouveaux membres se chargeront ainsi de l\u2019\u00e9tude et de la mise en place du projet relatif \u00e0 la strat\u00e9gie op\u00e9rationnelle du Conseil\u00a0\u00bb, a-t-elle ajout\u00e9.<\/p>\n<p class=\"c6\">Bouayach a rappel\u00e9 que depuis son r\u00e9organisation en 1999, le CNDH a connu de profondes mutations, notamment en mati\u00e8re de sa composition, de ses initiatives, de ses r\u00e9alisations, et des comp\u00e9tences qui lui sont attribu\u00e9es, mettant ainsi en avant son accr\u00e9ditation au statut \u00ab\u00a0A\u00a0\u00bb en tant qu\u2019institution nationale conforme aux principes de Paris concernant les institutions nationales des droits de l\u2019homme.<\/p>\n<p class=\"c6\">\u00abLa l\u00e9gislation en vigueur du Conseil met en relief les principes d\u2019ind\u00e9pendance, de pluralisme, et de d\u00e9veloppement des comp\u00e9tences\u00bb, a fait observer Bouayach, pr\u00e9cisant, dans ce sillage, que le Conseil repr\u00e9sente un mod\u00e8le sur le plan des meilleures pratiques des institutions nationales en mati\u00e8re de s\u00e9lection, de nomination et de composition.<\/p>\n<p class=\"c6\">De son c\u00f4t\u00e9, le nouveau Secr\u00e9taire g\u00e9n\u00e9ral du CNDH, Mounir Bensalah, a fait part, dans une d\u00e9claration \u00e0 la MAP, de sa joie suite \u00e0 sa nomination par SM le Roi au Conseil, exprimant son ambition de collaborer avec la Pr\u00e9sidente et les membres du CNDH en vue d\u2019ouvrir de nouvelles perspectives en faveur des droits de l\u2019homme.<\/p>\n<p>Auteur: M&rsquo;hammed rahal<br \/>\n<a href=\"http:\/\/albayane.press.ma\/bouayach-lapproche-genre-a-hauteur-de-35-dans-la-nouvelle-composition-du-cndh.html\">Cliquez ici pour lire l&rsquo;article depuis sa source.<\/a><\/p>\n","protected":false},"excerpt":{"rendered":"<p>C\u00e9r\u00e9monie d\u2019accueil \u00e0 l\u2019honneur de ses nouveaux membres du CNDH L\u2019approche genre a \u00e9t\u00e9 int\u00e9gr\u00e9 \u00e0 hauteur de 35% dans la nouvelle composition du Conseil national des droits de l\u2019homme (CNDH), a affirm\u00e9, mardi \u00e0 Rabat, Amina Bouayach, Pr\u00e9sidente du Conseil. \u00ab\u00a0La nouvelle composition du Conseil, nomm\u00e9e par Sa Majest\u00e9 le Roi Mohammed VI, refl\u00e8te [&hellip;]<\/p>\n","protected":false},"author":1760,"featured_media":0,"comment_status":"closed","ping_status":"closed","sticky":false,"template":"","format":"standard","meta":{"fifu_image_url":"","fifu_image_alt":"","footnotes":""},"categories":[73,54],"tags":[],"class_list":["post-48405","post","type-post","status-publish","format-standard","hentry","category-actualite","category-maroc"],"_links":{"self":[{"href":"https:\/\/linitiative.ca\/International\/wp-json\/wp\/v2\/posts\/48405","targetHints":{"allow":["GET"]}}],"collection":[{"href":"https:\/\/linitiative.ca\/International\/wp-json\/wp\/v2\/posts"}],"about":[{"href":"https:\/\/linitiative.ca\/International\/wp-json\/wp\/v2\/types\/post"}],"author":[{"embeddable":true,"href":"https:\/\/linitiative.ca\/International\/wp-json\/wp\/v2\/users\/1760"}],"replies":[{"embeddable":true,"href":"https:\/\/linitiative.ca\/International\/wp-json\/wp\/v2\/comments?post=48405"}],"version-history":[{"count":0,"href":"https:\/\/linitiative.ca\/International\/wp-json\/wp\/v2\/posts\/48405\/revisions"}],"wp:attachment":[{"href":"https:\/\/linitiative.ca\/International\/wp-json\/wp\/v2\/media?parent=48405"}],"wp:term":[{"taxonomy":"category","embeddable":true,"href":"https:\/\/linitiative.ca\/International\/wp-json\/wp\/v2\/categories?post=48405"},{"taxonomy":"post_tag","embeddable":true,"href":"https:\/\/linitiative.ca\/International\/wp-json\/wp\/v2\/tags?post=48405"}],"curies":[{"name":"wp","href":"https:\/\/api.w.org\/{rel}","templated":true}]}}