{"id":48406,"date":"2019-07-25T08:30:33","date_gmt":"2019-07-25T12:30:33","guid":{"rendered":"https:\/\/linitiative.ca\/International\/tunisie-les-funerailles-de-beji-caid-sebsi-auront-lieu-ce-samedi\/"},"modified":"2019-07-25T08:30:33","modified_gmt":"2019-07-25T12:30:33","slug":"tunisie-les-funerailles-de-beji-caid-sebsi-auront-lieu-ce-samedi","status":"publish","type":"post","link":"https:\/\/linitiative.ca\/International\/tunisie-les-funerailles-de-beji-caid-sebsi-auront-lieu-ce-samedi\/","title":{"rendered":"Tunisie- Les fun\u00e9railles de Beji Caid Sebsi auront lieu ce samedi"},"content":{"rendered":"<div class=\"post-cont-in left relative\">\n<div class=\"swp_social_panel swp_horizontal_panel swp_flat_fresh swp_default_full_color swp_individual_full_color swp_other_full_color scale-100 scale-\" data-min-width=\"1100\" data-float-color=\"#ffffff\" data-float=\"none\" data-float-mobile=\"none\" data-transition=\"slide\">\n<div class=\"nc_tweetContainer swp_share_button total_shares total_sharesalt\"><span class=\"swp_count\">56 <span class=\"swp_label\">Partages<\/span><\/span><\/div>\n<\/div>\n<p>Le membre du bureau de l\u2019Assembl\u00e9e des repr\u00e9sentants du peuple, Mohamed Saidane, a annonc\u00e9 ce jeudi 25 juillet qu\u2019une r\u00e9union aura lieu dans l\u2019apr\u00e8s-midi de ce jeudi 25 juillet 2019, afin de d\u00e9battre des fun\u00e9railles du pr\u00e9sident de la R\u00e9publique, d\u00e9c\u00e9d\u00e9 ce matin.<\/p>\n<p>Dans une d\u00e9claration accord\u00e9e \u00e0 Mosa\u00efque FM, le d\u00e9put\u00e9 a ajout\u00e9\u00a0qu\u2019un comit\u00e9 national compos\u00e9 de plusieurs minist\u00e8res sera form\u00e9 afin d\u2019organiser les fun\u00e9railles de feu Ca\u00efd Essebsi qui auront lieu ce samedi 27 juillet 2019.<\/p>\n<div class=\"code-block code-block-1 c5\"><ins class=\"adsbygoogle c4\" data-ad-layout=\"in-article\" data-ad-format=\"fluid\" data-ad-client=\"ca-pub-2102118777505746\" data-ad-slot=\"7301775417\"\/> <\/div>\n<div class=\"mvp-org-wrap mvp-org-logo\" itemprop=\"publisher\" itemscope=\"\" itemtype=\"https:\/\/schema.org\/Organization\"><img decoding=\"async\" src=\"https:\/\/www.tunisienumerique.com\/wp-content\/uploads\/2017\/02\/logo_tunisie_numerique.png\"\/><\/div>\n<div class=\"swp_social_panel swp_horizontal_panel swp_flat_fresh swp_default_full_color swp_individual_full_color swp_other_full_color scale-100 scale-\" data-min-width=\"1100\" data-float-color=\"#ffffff\" data-float=\"none\" data-float-mobile=\"none\" data-transition=\"slide\">\n<div class=\"nc_tweetContainer swp_share_button total_shares total_sharesalt\"><span class=\"swp_count\">56 <span class=\"swp_label\">Partages<\/span><\/span><\/div>\n<\/div>\n<div class=\"mvp-related-posts left relative\">\n<h4 class=\"post-header\"><span class=\"post-header\">Lire aussi<\/span><\/h4>\n<\/div>\n<\/div>\n<p>Auteur: Laameri Dorsaf<br \/>\n<a href=\"https:\/\/www.tunisienumerique.com\/tunisie-les-funerailles-de-beji-caid-sebsi-auront-lieu-ce-samedi\/\">Cliquez ici pour lire l&rsquo;article depuis sa source.<\/a><\/p>\n","protected":false},"excerpt":{"rendered":"<p>56 Partages Le membre du bureau de l\u2019Assembl\u00e9e des repr\u00e9sentants du peuple, Mohamed Saidane, a annonc\u00e9 ce jeudi 25 juillet qu\u2019une r\u00e9union aura lieu dans l\u2019apr\u00e8s-midi de ce jeudi 25 juillet 2019, afin de d\u00e9battre des fun\u00e9railles du pr\u00e9sident de la R\u00e9publique, d\u00e9c\u00e9d\u00e9 ce matin. Dans une d\u00e9claration accord\u00e9e \u00e0 Mosa\u00efque FM, le d\u00e9put\u00e9 a [&hellip;]<\/p>\n","protected":false},"author":1789,"featured_media":48407,"comment_status":"closed","ping_status":"closed","sticky":false,"template":"","format":"standard","meta":{"fifu_image_url":"","fifu_image_alt":"","footnotes":""},"categories":[73,55],"tags":[],"class_list":["post-48406","post","type-post","status-publish","format-standard","has-post-thumbnail","hentry","category-actualite","category-tunisie"],"_links":{"self":[{"href":"https:\/\/linitiative.ca\/International\/wp-json\/wp\/v2\/posts\/48406","targetHints":{"allow":["GET"]}}],"collection":[{"href":"https:\/\/linitiative.ca\/International\/wp-json\/wp\/v2\/posts"}],"about":[{"href":"https:\/\/linitiative.ca\/International\/wp-json\/wp\/v2\/types\/post"}],"author":[{"embeddable":true,"href":"https:\/\/linitiative.ca\/International\/wp-json\/wp\/v2\/users\/1789"}],"replies":[{"embeddable":true,"href":"https:\/\/linitiative.ca\/International\/wp-json\/wp\/v2\/comments?post=48406"}],"version-history":[{"count":0,"href":"https:\/\/linitiative.ca\/International\/wp-json\/wp\/v2\/posts\/48406\/revisions"}],"wp:featuredmedia":[{"embeddable":true,"href":"https:\/\/linitiative.ca\/International\/wp-json\/"}],"wp:attachment":[{"href":"https:\/\/linitiative.ca\/International\/wp-json\/wp\/v2\/media?parent=48406"}],"wp:term":[{"taxonomy":"category","embeddable":true,"href":"https:\/\/linitiative.ca\/International\/wp-json\/wp\/v2\/categories?post=48406"},{"taxonomy":"post_tag","embeddable":true,"href":"https:\/\/linitiative.ca\/International\/wp-json\/wp\/v2\/tags?post=48406"}],"curies":[{"name":"wp","href":"https:\/\/api.w.org\/{rel}","templated":true}]}}