{"id":48408,"date":"2019-07-25T09:33:07","date_gmt":"2019-07-25T13:33:07","guid":{"rendered":"https:\/\/linitiative.ca\/International\/tunisie-la-situation-du-pays-est-stable-selon-le-ministere-de-linterieur\/"},"modified":"2019-07-25T09:33:07","modified_gmt":"2019-07-25T13:33:07","slug":"tunisie-la-situation-du-pays-est-stable-selon-le-ministere-de-linterieur","status":"publish","type":"post","link":"https:\/\/linitiative.ca\/International\/tunisie-la-situation-du-pays-est-stable-selon-le-ministere-de-linterieur\/","title":{"rendered":"Tunisie- La situation du pays est stable selon le minist\u00e8re de l\u2019int\u00e9rieur"},"content":{"rendered":"<div class=\"post-cont-in left relative\">\n<div class=\"swp_social_panel swp_horizontal_panel swp_flat_fresh swp_default_full_color swp_individual_full_color swp_other_full_color scale-100 scale-\" data-min-width=\"1100\" data-float-color=\"#ffffff\" data-float=\"none\" data-float-mobile=\"none\" data-transition=\"slide\">\n<div class=\"nc_tweetContainer swp_share_button total_shares total_sharesalt\"><span class=\"swp_count\">1 <span class=\"swp_label\">Partages<\/span><\/span><\/div>\n<\/div>\n<p>Le porte-parole du minist\u00e8re de l\u2019int\u00e9rieur, Khaled Hayouni a assur\u00e9 ce jeudi 25 juillet 2019 que la situation s\u00e9curitaire du pays est stable. Le responsable a soulign\u00e9 que son d\u00e9partement est en \u00e9tat de vigilance permanente, rapporte Mosa\u00efque FM.<\/p>\n<p>\u201cLe minist\u00e8re accomplit toutes les activit\u00e9s qui lui sont attribu\u00e9es en cette conjoncture afin de pr\u00e9server la s\u00fbret\u00e9 publique et la s\u00e9curit\u00e9 des citoyens et des biens publics et priv\u00e9s\u201d, a-t-il annonc\u00e9.<\/p>\n<div class=\"code-block code-block-1 c5\"><ins class=\"adsbygoogle c4\" data-ad-layout=\"in-article\" data-ad-format=\"fluid\" data-ad-client=\"ca-pub-2102118777505746\" data-ad-slot=\"7301775417\"\/> <\/div>\n<p>Rappelons que ce matin, la pr\u00e9sidence de la R\u00e9publique a annonc\u00e9 le d\u00e9c\u00e8s du pr\u00e9sident de la R\u00e9publique Beji Ca\u00efd Sebsi.<\/p>\n<div class=\"mvp-org-wrap mvp-org-logo\" itemprop=\"publisher\" itemscope=\"\" itemtype=\"https:\/\/schema.org\/Organization\"><img decoding=\"async\" src=\"https:\/\/www.tunisienumerique.com\/wp-content\/uploads\/2017\/02\/logo_tunisie_numerique.png\"\/><\/div>\n<div class=\"swp_social_panel swp_horizontal_panel swp_flat_fresh swp_default_full_color swp_individual_full_color swp_other_full_color scale-100 scale-\" data-min-width=\"1100\" data-float-color=\"#ffffff\" data-float=\"none\" data-float-mobile=\"none\" data-transition=\"slide\">\n<div class=\"nc_tweetContainer swp_share_button total_shares total_sharesalt\"><span class=\"swp_count\">1 <span class=\"swp_label\">Partages<\/span><\/span><\/div>\n<\/div>\n<div class=\"mvp-related-posts left relative\">\n<h4 class=\"post-header\"><span class=\"post-header\">Lire aussi<\/span><\/h4>\n<\/div>\n<\/div>\n<p>Auteur: Laameri Dorsaf<br \/>\n<a href=\"https:\/\/www.tunisienumerique.com\/tunisie-la-situation-du-pays-est-stable-selon-le-ministere-de-linterieur\/\">Cliquez ici pour lire l&rsquo;article depuis sa source.<\/a><\/p>\n","protected":false},"excerpt":{"rendered":"<p>1 Partages Le porte-parole du minist\u00e8re de l\u2019int\u00e9rieur, Khaled Hayouni a assur\u00e9 ce jeudi 25 juillet 2019 que la situation s\u00e9curitaire du pays est stable. Le responsable a soulign\u00e9 que son d\u00e9partement est en \u00e9tat de vigilance permanente, rapporte Mosa\u00efque FM. \u201cLe minist\u00e8re accomplit toutes les activit\u00e9s qui lui sont attribu\u00e9es en cette conjoncture afin [&hellip;]<\/p>\n","protected":false},"author":1789,"featured_media":48409,"comment_status":"closed","ping_status":"closed","sticky":false,"template":"","format":"standard","meta":{"fifu_image_url":"","fifu_image_alt":"","footnotes":""},"categories":[73,55],"tags":[],"class_list":["post-48408","post","type-post","status-publish","format-standard","has-post-thumbnail","hentry","category-actualite","category-tunisie"],"_links":{"self":[{"href":"https:\/\/linitiative.ca\/International\/wp-json\/wp\/v2\/posts\/48408","targetHints":{"allow":["GET"]}}],"collection":[{"href":"https:\/\/linitiative.ca\/International\/wp-json\/wp\/v2\/posts"}],"about":[{"href":"https:\/\/linitiative.ca\/International\/wp-json\/wp\/v2\/types\/post"}],"author":[{"embeddable":true,"href":"https:\/\/linitiative.ca\/International\/wp-json\/wp\/v2\/users\/1789"}],"replies":[{"embeddable":true,"href":"https:\/\/linitiative.ca\/International\/wp-json\/wp\/v2\/comments?post=48408"}],"version-history":[{"count":0,"href":"https:\/\/linitiative.ca\/International\/wp-json\/wp\/v2\/posts\/48408\/revisions"}],"wp:featuredmedia":[{"embeddable":true,"href":"https:\/\/linitiative.ca\/International\/wp-json\/"}],"wp:attachment":[{"href":"https:\/\/linitiative.ca\/International\/wp-json\/wp\/v2\/media?parent=48408"}],"wp:term":[{"taxonomy":"category","embeddable":true,"href":"https:\/\/linitiative.ca\/International\/wp-json\/wp\/v2\/categories?post=48408"},{"taxonomy":"post_tag","embeddable":true,"href":"https:\/\/linitiative.ca\/International\/wp-json\/wp\/v2\/tags?post=48408"}],"curies":[{"name":"wp","href":"https:\/\/api.w.org\/{rel}","templated":true}]}}