{"id":48412,"date":"2019-07-25T09:44:04","date_gmt":"2019-07-25T13:44:04","guid":{"rendered":"https:\/\/linitiative.ca\/International\/tunisie-la-tunisie-en-deuil-national-pendant-sept-jours\/"},"modified":"2019-07-25T09:44:04","modified_gmt":"2019-07-25T13:44:04","slug":"tunisie-la-tunisie-en-deuil-national-pendant-sept-jours","status":"publish","type":"post","link":"https:\/\/linitiative.ca\/International\/tunisie-la-tunisie-en-deuil-national-pendant-sept-jours\/","title":{"rendered":"Tunisie- La Tunisie en deuil national pendant sept jours"},"content":{"rendered":"<div class=\"post-cont-in left relative\">\n<div class=\"swp_social_panel swp_horizontal_panel swp_flat_fresh swp_default_full_color swp_individual_full_color swp_other_full_color scale-100 scale-\" data-min-width=\"1100\" data-float-color=\"#ffffff\" data-float=\"none\" data-float-mobile=\"none\" data-transition=\"slide\">\n<div class=\"nc_tweetContainer swp_share_button total_shares total_sharesalt\"><span class=\"swp_count\">7 <span class=\"swp_label\">Partages<\/span><\/span><\/div>\n<\/div>\n<p>Un communiqu\u00e9 publi\u00e9 par la pr\u00e9sidence du gouvernement annonce que le chef du gouvernement, Youssef Chahed a d\u00e9cr\u00e9t\u00e9 sept jours de deuil national et mise en berne du drapeau dans les \u00e9difices publics suite au d\u00e9c\u00e8s du pr\u00e9sident de la R\u00e9publique, B\u00e9ji Ca\u00efd Essebsi ce jeudi 25 juillet 2019.<\/p>\n<p>Il a \u00e9galement \u00e9t\u00e9 d\u00e9cid\u00e9 d\u2019annuler\u00a0tous les spectacles artistiques et l\u2019ensemble des manifestations culturelles jusqu\u2019\u00e0 nouvel ordre, selon le m\u00eame communiqu\u00e9.<\/p>\n<div class=\"code-block code-block-1 c5\"><ins class=\"adsbygoogle c4\" data-ad-layout=\"in-article\" data-ad-format=\"fluid\" data-ad-client=\"ca-pub-2102118777505746\" data-ad-slot=\"7301775417\"\/> <\/div>\n<div class=\"mvp-org-wrap mvp-org-logo\" itemprop=\"publisher\" itemscope=\"\" itemtype=\"https:\/\/schema.org\/Organization\"><img decoding=\"async\" src=\"https:\/\/www.tunisienumerique.com\/wp-content\/uploads\/2017\/02\/logo_tunisie_numerique.png\"\/><\/div>\n<div class=\"swp_social_panel swp_horizontal_panel swp_flat_fresh swp_default_full_color swp_individual_full_color swp_other_full_color scale-100 scale-\" data-min-width=\"1100\" data-float-color=\"#ffffff\" data-float=\"none\" data-float-mobile=\"none\" data-transition=\"slide\">\n<div class=\"nc_tweetContainer swp_share_button total_shares total_sharesalt\"><span class=\"swp_count\">7 <span class=\"swp_label\">Partages<\/span><\/span><\/div>\n<\/div>\n<div class=\"mvp-related-posts left relative\">\n<h4 class=\"post-header\"><span class=\"post-header\">Lire aussi<\/span><\/h4>\n<\/div>\n<\/div>\n<p>Auteur: Laameri Dorsaf<br \/>\n<a href=\"https:\/\/www.tunisienumerique.com\/tunisie-la-tunisie-en-deuil-national-pendant-sept-jours\/\">Cliquez ici pour lire l&rsquo;article depuis sa source.<\/a><\/p>\n","protected":false},"excerpt":{"rendered":"<p>7 Partages Un communiqu\u00e9 publi\u00e9 par la pr\u00e9sidence du gouvernement annonce que le chef du gouvernement, Youssef Chahed a d\u00e9cr\u00e9t\u00e9 sept jours de deuil national et mise en berne du drapeau dans les \u00e9difices publics suite au d\u00e9c\u00e8s du pr\u00e9sident de la R\u00e9publique, B\u00e9ji Ca\u00efd Essebsi ce jeudi 25 juillet 2019. Il a \u00e9galement \u00e9t\u00e9 [&hellip;]<\/p>\n","protected":false},"author":1789,"featured_media":48413,"comment_status":"closed","ping_status":"closed","sticky":false,"template":"","format":"standard","meta":{"fifu_image_url":"","fifu_image_alt":"","footnotes":""},"categories":[73,55],"tags":[],"class_list":["post-48412","post","type-post","status-publish","format-standard","has-post-thumbnail","hentry","category-actualite","category-tunisie"],"_links":{"self":[{"href":"https:\/\/linitiative.ca\/International\/wp-json\/wp\/v2\/posts\/48412","targetHints":{"allow":["GET"]}}],"collection":[{"href":"https:\/\/linitiative.ca\/International\/wp-json\/wp\/v2\/posts"}],"about":[{"href":"https:\/\/linitiative.ca\/International\/wp-json\/wp\/v2\/types\/post"}],"author":[{"embeddable":true,"href":"https:\/\/linitiative.ca\/International\/wp-json\/wp\/v2\/users\/1789"}],"replies":[{"embeddable":true,"href":"https:\/\/linitiative.ca\/International\/wp-json\/wp\/v2\/comments?post=48412"}],"version-history":[{"count":0,"href":"https:\/\/linitiative.ca\/International\/wp-json\/wp\/v2\/posts\/48412\/revisions"}],"wp:featuredmedia":[{"embeddable":true,"href":"https:\/\/linitiative.ca\/International\/wp-json\/"}],"wp:attachment":[{"href":"https:\/\/linitiative.ca\/International\/wp-json\/wp\/v2\/media?parent=48412"}],"wp:term":[{"taxonomy":"category","embeddable":true,"href":"https:\/\/linitiative.ca\/International\/wp-json\/wp\/v2\/categories?post=48412"},{"taxonomy":"post_tag","embeddable":true,"href":"https:\/\/linitiative.ca\/International\/wp-json\/wp\/v2\/tags?post=48412"}],"curies":[{"name":"wp","href":"https:\/\/api.w.org\/{rel}","templated":true}]}}