{"id":48415,"date":"2019-07-25T09:03:23","date_gmt":"2019-07-25T13:03:23","guid":{"rendered":"https:\/\/linitiative.ca\/International\/artiste-et-artisan\/"},"modified":"2019-07-25T09:03:23","modified_gmt":"2019-07-25T13:03:23","slug":"artiste-et-artisan","status":"publish","type":"post","link":"https:\/\/linitiative.ca\/International\/artiste-et-artisan\/","title":{"rendered":"Artiste et Artisan"},"content":{"rendered":"<p class=\"c4\"><span class=\"c3\"><strong><span class=\"c2\">M<\/span>algr\u00e9 le d\u00e9crochage de la population qui essaye de profiter autant qu\u2019elle peut des vacances estivales, l\u2019activit\u00e9 des organisations politiques reste fortement li\u00e9e \u00e0 la recherche de la reconnaissance. Dans le viseur, l\u2019horizon 2021 et ses enjeux.<\/strong><\/span><\/p>\n<p class=\"c4\">Le Parti du Progr\u00e8s et du Socialisme comm\u00e9more \u00e0 Marrakech la revendication de l\u2019ind\u00e9pendance nationale qui fut proclam\u00e9e en ao\u00fbt 1946\u00a0; suite \u00e0 la tenue du Comit\u00e9 Central pendant lequel Ali Yata devenait secr\u00e9taire g\u00e9n\u00e9ral du\u00a0 PCM. C\u2019est une premi\u00e8re qui se tient sous le th\u00e8me du contenu d\u00e9mocratique de la lib\u00e9ration nationale. Cet \u00e9v\u00e9nement permettra certainement de revenir sur certains faits historiques occult\u00e9s par certains au sein du mouvement national et de relever, depuis lors, les acquis de notre peuple et ses avanc\u00e9es, qu\u2019il s\u2019agit de consolider par un nouveau souffle d\u00e9mocratique afin de parachever l\u2019\u00e9dification de l\u2019Etat national d\u00e9mocratique et moderne.<\/p>\n<p class=\"c4\">Celui qui voudrait s\u2019occuper de notre sant\u00e9 co\u00fbte que co\u00fbte ne cesse de proc\u00e9der \u00e0 son marketing dans la perspective d\u2019assumer l\u2019alternance d\u00e9sir\u00e9e. Cela devient une fixation pr\u00e9\u00e9lectorale qui frise le d\u00e9lire. Recrutement tout azimut et sans aucune vergogne chaque fois qu\u2019une \u00abperle\u00bb attire l\u2019attention du management itin\u00e9rant. Se faire vendre en faisant croire que les comp\u00e9tences dont il regorge sont en standby et qu\u2019ils r\u00e9ussiront l\u00e0 o\u00f9 les responsables actuels pataugent\u00a0! C\u2019est vrai que le chameau ne voit jamais ses bosses et qu\u2019il ne s\u2019en occupe m\u00eame pas. Sans oublier que les marocain(e)s n\u2019aiment pas acheter ni se faire vendre \u00able poisson dans la mer\u00bb.<\/p>\n<p class=\"c4\">Son acolyte d\u00e9clar\u00e9 est devenu un craton en politique. Malgr\u00e9 une forte identit\u00e9 politique qui voulait couvrir l\u2019ensemble de la gauche, le parti s\u2019est trouv\u00e9 entrain\u00e9 dans un processus o\u00f9 seuls comptent ceux et celles qui savent se caser d\u2019une mani\u00e8re ou d\u2019une autre. Cela ne fait plaisir \u00e0 personne de constater le g\u00e2chis!<\/p>\n<p class=\"c4\">Le parti actuellement majoritaire subit \u00abla tectonique des plaques\u00bb suite au d\u00e9bat et \u00e0 l\u2019adoption de la loi-cadre sur l\u2019enseignement. Il se fracture et donne \u00e0 une partie de l\u2019opposition l\u2019occasion de manifester sa responsabilit\u00e9 et venir \u00e0 la rescousse du gouvernement.<\/p>\n<p class=\"c4\">Qu\u2019en adviendra-t-il dans l\u2019avenir? Telle est la question pour un dirham? Le socle identitaire et le r\u00e9seautage utilitaire s\u2019av\u00e8rent insuffisants pour diriger, dans l\u2019apaisement et la s\u00e9r\u00e9nit\u00e9, une transition d\u00e9mocratique, initier l\u2019\u00e9mergence \u00e9conomique et r\u00e9pondre \u00e0 l\u2019exigence sociale.<\/p>\n<p class=\"c4\">La position du guetteur sied au plus vieux. Dans l\u2019attente d\u2019un feu vert qui lui montrerait le chemin, sa direction reste fid\u00e8le \u00e0 ses principes fondateurs. Il converge avec le parti actuellement\u00a0 majoritaire sur la base du fameux \u00ab\u00a0Faites ce que je dis et ne faites pas ce que je fais\u00a0\u00bb. Faux d\u00e9vots mais politiciens confirm\u00e9s, ils jouent pour se placer et entament d\u00e9j\u00e0 les man\u0153uvres locales pour s\u2019appr\u00eater aux \u00e9ch\u00e9ances. Rien ne se perd pour l\u2019elegerocratie\u00a0 qui use \u00ab\u00a0des vases communicants\u00a0\u00bb entre les partis pour se retrouver quel que soit le ticket gagnant.<\/p>\n<p class=\"c4\">Le benjamin, dont les ambitions d\u00e9clar\u00e9es \u00e0 la naissance ont \u00e9t\u00e9 d\u00e9\u00e7ues, ne s\u2019aime plus. Il se chamaille avec lui-m\u00eame, este en justice pour r\u00e9gler des diff\u00e9rents organisationnels et ne croit plus \u00e0 sa bonne \u00e9toile. Tel un bateau ivre, il se laisse bercer par les flots du moment alors que ses occupants sont \u00e0 la recherche d\u2019un quelconque sauvetage!<\/p>\n<p class=\"c4\">Et les autres qui \u00abvoudraient bien que\u2026 sans pour autant que\u00bb, \u00e9ternels r\u00eaveurs, ils oublient que la politique ne se fait pas par des v\u0153ux, aussi pieux soient-ils, mais se pratique dans la r\u00e9alit\u00e9 de la soci\u00e9t\u00e9, avec son rapport des forces, sa capacit\u00e9 \u00e0 r\u00e9agir, \u00e0 s\u2019organiser et \u00e0 participer pour aboutir au changement.<\/p>\n<p class=\"c4\">Il faudrait \u00eatre artiste et artisan en m\u00eame temps pour que notre pays \u00abaille\u00a0 de l\u2019avant sur la voie du d\u00e9veloppement et de la modernit\u00e9, et qu\u2019il acc\u00e8de au troisi\u00e8me mill\u00e9naire, dot\u00e9 d\u2019une vision prospective, en parfaite cohabitation et une entente r\u00e9ciproque avec nos partenaires pr\u00e9servant son identit\u00e9 et sa sp\u00e9cificit\u00e9, sans se refermer sur soi, dans le cadre d\u2019une authenticit\u00e9 reconfirm\u00e9e et d\u2019une modernit\u00e9 qui ne renie gu\u00e8re nos valeurs sacr\u00e9es\u00bb.<\/p>\n<p>Auteur: M&rsquo;hammed rahal<br \/>\n<a href=\"http:\/\/albayane.press.ma\/artiste-et-artisan.html\">Cliquez ici pour lire l&rsquo;article depuis sa source.<\/a><\/p>\n","protected":false},"excerpt":{"rendered":"<p>Malgr\u00e9 le d\u00e9crochage de la population qui essaye de profiter autant qu\u2019elle peut des vacances estivales, l\u2019activit\u00e9 des organisations politiques reste fortement li\u00e9e \u00e0 la recherche de la reconnaissance. Dans le viseur, l\u2019horizon 2021 et ses enjeux. Le Parti du Progr\u00e8s et du Socialisme comm\u00e9more \u00e0 Marrakech la revendication de l\u2019ind\u00e9pendance nationale qui fut proclam\u00e9e [&hellip;]<\/p>\n","protected":false},"author":1760,"featured_media":0,"comment_status":"closed","ping_status":"closed","sticky":false,"template":"","format":"standard","meta":{"fifu_image_url":"","fifu_image_alt":"","footnotes":""},"categories":[73,54],"tags":[],"class_list":["post-48415","post","type-post","status-publish","format-standard","hentry","category-actualite","category-maroc"],"_links":{"self":[{"href":"https:\/\/linitiative.ca\/International\/wp-json\/wp\/v2\/posts\/48415","targetHints":{"allow":["GET"]}}],"collection":[{"href":"https:\/\/linitiative.ca\/International\/wp-json\/wp\/v2\/posts"}],"about":[{"href":"https:\/\/linitiative.ca\/International\/wp-json\/wp\/v2\/types\/post"}],"author":[{"embeddable":true,"href":"https:\/\/linitiative.ca\/International\/wp-json\/wp\/v2\/users\/1760"}],"replies":[{"embeddable":true,"href":"https:\/\/linitiative.ca\/International\/wp-json\/wp\/v2\/comments?post=48415"}],"version-history":[{"count":0,"href":"https:\/\/linitiative.ca\/International\/wp-json\/wp\/v2\/posts\/48415\/revisions"}],"wp:attachment":[{"href":"https:\/\/linitiative.ca\/International\/wp-json\/wp\/v2\/media?parent=48415"}],"wp:term":[{"taxonomy":"category","embeddable":true,"href":"https:\/\/linitiative.ca\/International\/wp-json\/wp\/v2\/categories?post=48415"},{"taxonomy":"post_tag","embeddable":true,"href":"https:\/\/linitiative.ca\/International\/wp-json\/wp\/v2\/tags?post=48415"}],"curies":[{"name":"wp","href":"https:\/\/api.w.org\/{rel}","templated":true}]}}