{"id":48416,"date":"2019-07-25T09:08:06","date_gmt":"2019-07-25T13:08:06","guid":{"rendered":"https:\/\/linitiative.ca\/International\/73e-anniversaire-de-la-presentation-du-manifeste-de-lindependance-par-le-pcm\/"},"modified":"2019-07-25T09:08:06","modified_gmt":"2019-07-25T13:08:06","slug":"73e-anniversaire-de-la-presentation-du-manifeste-de-lindependance-par-le-pcm","status":"publish","type":"post","link":"https:\/\/linitiative.ca\/International\/73e-anniversaire-de-la-presentation-du-manifeste-de-lindependance-par-le-pcm\/","title":{"rendered":"73e anniversaire de la Pr\u00e9sentation du Manifeste de l\u2019Ind\u00e9pendance par le PCM"},"content":{"rendered":"<p class=\"c3\"><span class=\"c2\"><strong>Le PPS comm\u00e9more \u00e0 Marrakech<\/strong><\/span><\/p>\n<p class=\"c6\"><span class=\"c5\"><strong><span class=\"c4\">L<\/span>e Parti du progr\u00e8s et du socialisme organise, samedi 27 juillet 2019 \u00e0 partir de 17 heures \u00e0 la Salle d\u2019exposition de l\u2019H\u00f4tel Atlas Asni \u00e0 Marrakech, un journ\u00e9e comm\u00e9morative du 73e anniversaire de la pr\u00e9sentation par le Parti communiste marocain (PCM) du Manifeste de l\u2019ind\u00e9pendance, annonce un communiqu\u00e9 rendu public par le PPS.<\/strong><\/span><\/p>\n<p class=\"c6\">Cette comm\u00e9moration sera pr\u00e9sid\u00e9e par le Secr\u00e9taire g\u00e9n\u00e9ral du Parti, Mohamed Nabil Benabdallah, avec la participation de Mustafa Ktiri, Haut commissaire aux anciens r\u00e9sistants et membres du l\u2019arm\u00e9e de lib\u00e9ration, et Dr Jama\u00e2 Bida, Directeur de l\u2019Institution des archives du Maroc, et sera plac\u00e9e sous le slogan \u00abLa lib\u00e9ration nationale avec un contenu d\u00e9mocratique\u00bb.<\/p>\n<p class=\"c6\">Ce document historique avait pris la forme d\u2019un communiqu\u00e9 \u00e9manant du Comit\u00e9 central du Parti communiste marocain dans lequel le Parti revendiquait la fin du Protectorat et aspirait, en m\u00eame temps, \u00e0 l\u2019\u00e9dification de l\u2019Etat des institutions constitutionnelles, du d\u00e9veloppement \u00e9conomique et de la justice sociale. C\u2019est une r\u00e9f\u00e9rence\u00a0 historique tranchante qui t\u00e9moigne de l\u2019adh\u00e9sion effective du PCM \u00e0 ses principes patriotiques in\u00e9branlables, dont le Parti du progr\u00e8s et du socialisme est le prolongement naturel, id\u00e9ologique, politique et organisationnel.<\/p>\n<p class=\"c6\">Cette comm\u00e9moration provient de la conviction du PPS, qui est fier de son identit\u00e9 patriotique, progressiste et d\u00e9mocratique et des combats des g\u00e9n\u00e9rations successives qui y ont adh\u00e9r\u00e9 et assum\u00e9 la responsabilit\u00e9 de sa direction et \u00e9labor\u00e9 ses orientations patriotiques, en donnant privil\u00e9giant le lien \u00e9troit du pr\u00e9sent du pays avec son pass\u00e9, et une bonne vision de son avenir.<\/p>\n<p class=\"c6\">Et ce en veillant \u00e0 jeter toute la lumi\u00e8re sur tous les aspects en rapport avec l\u2019histoire de notre pays. Tout particuli\u00e8rement ceux li\u00e9s au pluralisme des r\u00e9f\u00e9rences du combat national et de la lutte pour l\u2019ind\u00e9pendance nationale, \u0153uvrant ainsi \u00e0 mettre en relief le grand r\u00f4le que les communistes marocains ont jou\u00e9 dans la bataille de la lib\u00e9ration du joug colonial.<\/p>\n<p>Auteur: M&rsquo;hammed rahal<br \/>\n<a href=\"http:\/\/albayane.press.ma\/73e-anniversaire-de-la-presentation-du-manifeste-de-lindependance-par-le-pcm.html\">Cliquez ici pour lire l&rsquo;article depuis sa source.<\/a><\/p>\n","protected":false},"excerpt":{"rendered":"<p>Le PPS comm\u00e9more \u00e0 Marrakech Le Parti du progr\u00e8s et du socialisme organise, samedi 27 juillet 2019 \u00e0 partir de 17 heures \u00e0 la Salle d\u2019exposition de l\u2019H\u00f4tel Atlas Asni \u00e0 Marrakech, un journ\u00e9e comm\u00e9morative du 73e anniversaire de la pr\u00e9sentation par le Parti communiste marocain (PCM) du Manifeste de l\u2019ind\u00e9pendance, annonce un communiqu\u00e9 rendu [&hellip;]<\/p>\n","protected":false},"author":1760,"featured_media":0,"comment_status":"closed","ping_status":"closed","sticky":false,"template":"","format":"standard","meta":{"fifu_image_url":"","fifu_image_alt":"","footnotes":""},"categories":[73,54],"tags":[],"class_list":["post-48416","post","type-post","status-publish","format-standard","hentry","category-actualite","category-maroc"],"_links":{"self":[{"href":"https:\/\/linitiative.ca\/International\/wp-json\/wp\/v2\/posts\/48416","targetHints":{"allow":["GET"]}}],"collection":[{"href":"https:\/\/linitiative.ca\/International\/wp-json\/wp\/v2\/posts"}],"about":[{"href":"https:\/\/linitiative.ca\/International\/wp-json\/wp\/v2\/types\/post"}],"author":[{"embeddable":true,"href":"https:\/\/linitiative.ca\/International\/wp-json\/wp\/v2\/users\/1760"}],"replies":[{"embeddable":true,"href":"https:\/\/linitiative.ca\/International\/wp-json\/wp\/v2\/comments?post=48416"}],"version-history":[{"count":0,"href":"https:\/\/linitiative.ca\/International\/wp-json\/wp\/v2\/posts\/48416\/revisions"}],"wp:attachment":[{"href":"https:\/\/linitiative.ca\/International\/wp-json\/wp\/v2\/media?parent=48416"}],"wp:term":[{"taxonomy":"category","embeddable":true,"href":"https:\/\/linitiative.ca\/International\/wp-json\/wp\/v2\/categories?post=48416"},{"taxonomy":"post_tag","embeddable":true,"href":"https:\/\/linitiative.ca\/International\/wp-json\/wp\/v2\/tags?post=48416"}],"curies":[{"name":"wp","href":"https:\/\/api.w.org\/{rel}","templated":true}]}}