{"id":48417,"date":"2019-07-25T10:00:39","date_gmt":"2019-07-25T14:00:39","guid":{"rendered":"https:\/\/linitiative.ca\/International\/maroc-suisse-un-projet-en-tourisme-durable-dans-la-region-de-beni-mellal-khenifra\/"},"modified":"2019-07-25T10:00:39","modified_gmt":"2019-07-25T14:00:39","slug":"maroc-suisse-un-projet-en-tourisme-durable-dans-la-region-de-beni-mellal-khenifra","status":"publish","type":"post","link":"https:\/\/linitiative.ca\/International\/maroc-suisse-un-projet-en-tourisme-durable-dans-la-region-de-beni-mellal-khenifra\/","title":{"rendered":"Maroc-Suisse : Un projet en tourisme durable dans la r\u00e9gion de Beni Mellal-Kh\u00e9nifra"},"content":{"rendered":"<p><img decoding=\"async\" class=\"post_layout_5_img\" src=\"http:\/\/aujourdhui.ma\/wp-content\/uploads\/2019\/07\/re%CC%81gion-de-Beni-Mellal-Khe%CC%81nifra-Ouzoud.jpg?x29840\" alt=\"Maroc-Suisse : Un projet en tourisme durable dans la r\u00e9gion de Beni Mellal-Kh\u00e9nifra\"\/><\/p>\n<p class=\"p1\"><span class=\"c4\"><strong><span class=\"s1\"><em>Il vise \u00e0 r\u00e9duire la pauvret\u00e9, g\u00e9n\u00e9rer des revenus et cr\u00e9er de nouveaux emplois<\/em><\/span><\/strong><\/span> <span id=\"more-315817\"\/><\/p>\n<div class=\"base-box mom_box_sc_custom mom_box_sc clear c5\" readability=\"11\">\n<p class=\"p1\"><strong><em>Le projet\u00a0<\/em><em>tourisme durable\u00a0<\/em><em>Suisse-Maroc couvre une p\u00e9riode de 5 ans avec un budget total de 3.850.000 CHF, soit 37.537.500 DH dont une contribution du gouvernement marocain de 350.000 CHF, soit 3.412.500 DH.<\/em><\/strong><\/p>\n<\/div>\n<p class=\"p1\"><span class=\"s1\">La r\u00e9gion de Beni Mellal-Kh\u00e9nifra aura son projet en tourisme durable. Le projet est financ\u00e9 par le secr\u00e9tariat de l\u2019\u00e9conomie suisse, qui vient de lancer un appel d\u2019offres public pour le recrutement d\u2019une agence d\u2019ex\u00e9cution internationale ou locale pour la mise en \u0153uvre de ce projet dans la r\u00e9gion. Selon l\u2019ambassade de Suisse au Maroc, qui a publi\u00e9 l\u2019annonce via son site web, l\u2019appel d\u2019offres est consultable sur le site www. Simap.ch dont le d\u00e9lai de soumission est fix\u00e9 au 10 septembre 2019.<\/span><\/p>\n<p class=\"p1\"><span class=\"s1\">En effet, le projet tourisme durable Suisse-Maroc couvre, selon la m\u00eame source, une p\u00e9riode de 5 ans avec un budget total de 3.850.000 CHF, soit 37.537.500 DH dont une contribution du gouvernement marocain de 350.000 CHF, soit 3.412.500 DH. Il vise \u00e0 aider les provinces d\u2019Azilal et de B\u00e9ni Mellal \u00e0 d\u00e9velopper un tourisme durable avec des secteurs int\u00e9gr\u00e9s afin de r\u00e9duire la pauvret\u00e9, g\u00e9n\u00e9rer des revenus, cr\u00e9er de nouveaux emplois et am\u00e9liorer les emplois existant dans ces provinces, en particulier pour les jeunes et les femmes. <\/span><\/p>\n<p class=\"p1\"><span class=\"s1\"><em>\u00abCet objectif doit \u00eatre atteint en accompagnant les acteurs locaux dans la mise en place d\u2019une plate-forme de coordination pour le d\u00e9veloppement d\u2019un tourisme durable, dans la valorisation des attractions touristiques et la production r\u00e9gionale (soutien aux coop\u00e9ratives de produits du terroir et artisanat), dans la mise \u00e0 niveau des h\u00e9bergements ainsi que dans la formation de professionnels qualifi\u00e9s dans le secteur du tourisme\u00bb<\/em>, peut-on lire sur la fiche technique du projet. Selon la m\u00eame source, l\u2019approche globale du projet repose sur trois piliers. Le premier vise \u00e0 d\u00e9velopper des conditions cadres propices au d\u00e9veloppement d\u2019un tourisme durable.<\/span><\/p>\n<p class=\"p1\"><span class=\"s1\">Ceci \u00e0 travers la coordination du d\u00e9veloppement du tourisme durable dans la r\u00e9gion par le biais d\u2019une plate-forme regroupant les acteurs cl\u00e9s, publics et priv\u00e9s, identifier les atouts touristiques et adopter une strat\u00e9gie pour les valoriser en tenant compte des crit\u00e8res de durabilit\u00e9 reconnus au niveau international. En ce qui concerne le deuxi\u00e8me, il a pour but de renforcer la comp\u00e9titivit\u00e9 et l\u2019acc\u00e8s au march\u00e9 de certains secteurs inclus dans la cha\u00eene de valeur du tourisme, l\u2019am\u00e9lioration de l\u2019infrastructure des h\u00e9bergements et des capacit\u00e9s d\u2019accueil et le renforcement des capacit\u00e9s des coop\u00e9ratives dans les secteurs pertinents pour le d\u00e9veloppement du tourisme, en particulier les coop\u00e9ratives de femmes.<\/span><\/p>\n<p class=\"p1\"><span class=\"s1\">S\u2019agissant du troisi\u00e8me pilier, il a pour objectif de d\u00e9velopper les comp\u00e9tences en mati\u00e8re touristique, am\u00e9lioration de la gestion des g\u00eetes, l\u2019accueil des visiteurs dans le respect des principes de durabilit\u00e9 et cr\u00e9ation de nouvelles formations pour des activit\u00e9s professionnelles li\u00e9es au d\u00e9veloppement d\u2019un tourisme durable, notamment par la r\u00e9habilitation du Centre de formation aux m\u00e9tiers de montagne. Enfin, il faut dire que ce projet repose \u00e9galement sur deux approches transversales, \u00e0 savoir genre et durabilit\u00e9 \u00e9cologique, sociale et \u00e9conomique. La premi\u00e8re donnera une attention particuli\u00e8re \u00e0 l\u2019autonomisation des femmes, notamment par la mise en place de mesures de discrimination positive.<\/span><\/p>\n<p class=\"p1\"><span class=\"s1\"><em>\u00abLes femmes ont tendance \u00e0 \u00eatre concentr\u00e9es dans des emplois informels, faiblement r\u00e9mun\u00e9r\u00e9s et peu productifs, particuli\u00e8rement dans les zones rurales\u00bb<\/em>. Dans ce sens, le projet offrira un accompagnement direct \u00e0 des coop\u00e9ratives f\u00e9minines dont les produits seront plac\u00e9s sur les circuits touristiques. <em>\u00abIl renforcera les capacit\u00e9s des femmes et leur leadership afin qu\u2019elles soient bien repr\u00e9sent\u00e9es dans les instances d\u00e9cisionnelles des diff\u00e9rentes institutions : coop\u00e9ratives, entreprises priv\u00e9es, plateforme de coordination.<\/em><\/span><\/p>\n<p class=\"p1\"><span class=\"s1\"><em>Les indicateurs de suivi dans le cadre logique devront \u00eatre diff\u00e9renci\u00e9s en cons\u00e9quence\u00bb<\/em>. Quant au deuxi\u00e8me, il donnera une importance particuli\u00e8re \u00e0 l\u2019utilisation des crit\u00e8res de durabilit\u00e9 indiqu\u00e9 par le Conseil mondial du tourisme durable. <em>\u00abL\u2019int\u00e9gration des principes du tourisme durable n\u00e9cessite toutefois souvent un changement de mentalit\u00e9 qui peut prendre du temps. La durabilit\u00e9 ne peut \u00eatre atteinte que si les acteurs impliqu\u00e9s reconnaissent les b\u00e9n\u00e9fices de se plier \u00e0 ces principes\u00bb.<\/em><\/span><\/p>\n<p>Auteur: Siham Jadraoui<br \/>\n<a href=\"http:\/\/aujourdhui.ma\/economie\/maroc-suisse-un-projet-en-tourisme-durable-dans-la-region-de-beni-mellal-khenifra\">Cliquez ici pour lire l&rsquo;article depuis sa source.<\/a><\/p>\n","protected":false},"excerpt":{"rendered":"<p>Il vise \u00e0 r\u00e9duire la pauvret\u00e9, g\u00e9n\u00e9rer des revenus et cr\u00e9er de nouveaux emplois Le projet\u00a0tourisme durable\u00a0Suisse-Maroc couvre une p\u00e9riode de 5 ans avec un budget total de 3.850.000 CHF, soit 37.537.500 DH dont une contribution du gouvernement marocain de 350.000 CHF, soit 3.412.500 DH. La r\u00e9gion de Beni Mellal-Kh\u00e9nifra aura son projet en tourisme [&hellip;]<\/p>\n","protected":false},"author":1759,"featured_media":0,"comment_status":"closed","ping_status":"closed","sticky":false,"template":"","format":"standard","meta":{"fifu_image_url":"","fifu_image_alt":"","footnotes":""},"categories":[73,54],"tags":[],"class_list":["post-48417","post","type-post","status-publish","format-standard","hentry","category-actualite","category-maroc"],"_links":{"self":[{"href":"https:\/\/linitiative.ca\/International\/wp-json\/wp\/v2\/posts\/48417","targetHints":{"allow":["GET"]}}],"collection":[{"href":"https:\/\/linitiative.ca\/International\/wp-json\/wp\/v2\/posts"}],"about":[{"href":"https:\/\/linitiative.ca\/International\/wp-json\/wp\/v2\/types\/post"}],"author":[{"embeddable":true,"href":"https:\/\/linitiative.ca\/International\/wp-json\/wp\/v2\/users\/1759"}],"replies":[{"embeddable":true,"href":"https:\/\/linitiative.ca\/International\/wp-json\/wp\/v2\/comments?post=48417"}],"version-history":[{"count":0,"href":"https:\/\/linitiative.ca\/International\/wp-json\/wp\/v2\/posts\/48417\/revisions"}],"wp:attachment":[{"href":"https:\/\/linitiative.ca\/International\/wp-json\/wp\/v2\/media?parent=48417"}],"wp:term":[{"taxonomy":"category","embeddable":true,"href":"https:\/\/linitiative.ca\/International\/wp-json\/wp\/v2\/categories?post=48417"},{"taxonomy":"post_tag","embeddable":true,"href":"https:\/\/linitiative.ca\/International\/wp-json\/wp\/v2\/tags?post=48417"}],"curies":[{"name":"wp","href":"https:\/\/api.w.org\/{rel}","templated":true}]}}