{"id":48419,"date":"2019-07-25T11:00:09","date_gmt":"2019-07-25T15:00:09","guid":{"rendered":"https:\/\/linitiative.ca\/International\/lancement-de-lappel-de-tetouan-pour-prevenir-le-suicide-dans-le-nord\/"},"modified":"2019-07-25T11:00:09","modified_gmt":"2019-07-25T15:00:09","slug":"lancement-de-lappel-de-tetouan-pour-prevenir-le-suicide-dans-le-nord","status":"publish","type":"post","link":"https:\/\/linitiative.ca\/International\/lancement-de-lappel-de-tetouan-pour-prevenir-le-suicide-dans-le-nord\/","title":{"rendered":"Lancement de l\u2019appel de T\u00e9touan pour pr\u00e9venir le suicide dans le Nord"},"content":{"rendered":"<p><img decoding=\"async\" class=\"post_layout_5_img\" src=\"http:\/\/aujourdhui.ma\/wp-content\/uploads\/2019\/07\/Suicide.jpg?x29840\" alt=\"Lancement de l\u2019appel de T\u00e9touan pour pr\u00e9venir le suicide dans le Nord\"\/><\/p>\n<p class=\"p1\"><span class=\"c4\"><strong><em>Cette initiative vise \u00e0 rassembler toutes les parties prenantes pour trouver\u00a0<\/em><em>des solutions ad\u00e9quates \u00e0 ce fl\u00e9au\u00a0<\/em><\/strong><\/span><span id=\"more-315807\"\/><\/p>\n<div class=\"base-box mom_box_sc_custom mom_box_sc clear c5\" readability=\"8\">\n<p class=\"p1\"><strong><em>Les causes derri\u00e8re cet acte de d\u00e9sespoir restent en grande partie pour les enqu\u00eateurs une \u00e9nigme qui n\u00e9cessite beaucoup de temps et d\u2019efforts pour \u00eatre r\u00e9solues.<\/em><\/strong><\/p>\n<\/div>\n<p class=\"p1\">Les militants des droits de l\u2019Homme et les autres repr\u00e9sentants de la soci\u00e9t\u00e9 civile poursuivent leur mobilisation face \u00e0 la recrudescence inqui\u00e9tante des cas de suicide dans le Nord. A cet effet, ils viennent de lancer une initiative qu\u2019ils ont baptis\u00e9e \u00abAppel de T\u00e9touan\u00bb, dont l\u2019objectif principal est de rem\u00e9dier \u00e0 cette probl\u00e9matique du suicide. Emis \u00e0 l\u2019initiative de l\u2019Association \u00abClart\u00e9 ambition courage\u00bb \u00e0 travers sa section de T\u00e9touan, l\u2019appel de T\u00e9touan rassemble toutes les parties prenantes en vue de trouver ensemble des solutions ad\u00e9quates \u00e0 ce fl\u00e9au qui s\u2019\u00e9tend d\u2019une mani\u00e8re surprenante parmi les habitants de la r\u00e9gion du Nord.<\/p>\n<p class=\"p1\">Les initiateurs de cet appel ont fait part de la gravit\u00e9 de la situation qui n\u00e9cessite une intervention urgente et efficace de la part des responsables. Selon les donn\u00e9es recueillies sur le terrain par l\u2019association \u00e0 travers sa section de T\u00e9touan, le nombre de cas de suicide atteint, ces derniers temps, des records dans certaines zones de la r\u00e9gion, particuli\u00e8rement \u00e0 Chefchaouen, Tanger, T\u00e9touan et Ouezzane. En attestent les statistiques relatives \u00e0 ce fl\u00e9au, pendant ces derniers 18 mois, qui font part de 62 cas de suicide. Ce fl\u00e9au touche, selon la m\u00eame source, beaucoup plus les hommes que les femmes dans cette r\u00e9gion. Lors de cette m\u00eame p\u00e9riode 22 femmes sont pass\u00e9es \u00e0 l\u2019acte contre 40 hommes, tandis que 6 personnes ont \u00e9t\u00e9 sauv\u00e9es in extremis. A l\u2019instar des pr\u00e9c\u00e9dents rapports relatifs \u00e0 ce fl\u00e9au, ces nouvelles donn\u00e9es font ressortir que le nombre de suicides demeure plus \u00e9lev\u00e9 en milieu rural.<\/p>\n<p class=\"p1\">Ce fl\u00e9au touche \u00e9galement les mineurs qui dont la plupart des cas n\u2019avaient jamais affich\u00e9 des id\u00e9es suicidaires. Les causes derri\u00e8re cet acte de d\u00e9sespoir restent en grande partie pour les enqu\u00eateurs une \u00e9nigme qui n\u00e9cessite beaucoup de temps et d\u2019efforts pour \u00eatre r\u00e9solues, alors qu\u2019aux yeux des familles ainsi que des voisins et amis, les raisons sont les graves troubles mentaux, les difficult\u00e9s d\u2019argent ou de trouver un emploi stable, les d\u00e9ceptions amoureuses et les \u00e9checs scolaires. <span class=\"Apple-converted-space\">\u00a0 \u00a0<\/span><\/p>\n<p class=\"p1\">Il est \u00e0 rappeler que vu la gravit\u00e9 de la situation, la r\u00e9gion a connu, ces derniers temps, une s\u00e9rie de journ\u00e9es de sensibilisation \u00e0 la probl\u00e9matique du suicide. Parmi les plus importantes, celles qui avaient \u00e9t\u00e9 organis\u00e9es, en mars dernier, \u00e0 Chefchaouen, o\u00f9 les autorit\u00e9s ont encourag\u00e9 l\u2019implication des repr\u00e9sentants de la soci\u00e9t\u00e9 civile, des centres d\u2019\u00e9coute ainsi que des mourchidines et des encadrants religieux dans la lutte contre ce fl\u00e9au. Cette campagne s\u2019inscrivait dans le cadre d\u2019un important programme mis en place pour mieux pr\u00e9venir ce mal qui ronge cette province.<\/p>\n<p>Auteur: Najat Fa\u00efssal<br \/>\n<a href=\"http:\/\/aujourdhui.ma\/societe\/lancement-de-lappel-de-tetouan-pour-prevenir-le-suicide-dans-le-nord\">Cliquez ici pour lire l&rsquo;article depuis sa source.<\/a><\/p>\n","protected":false},"excerpt":{"rendered":"<p>Cette initiative vise \u00e0 rassembler toutes les parties prenantes pour trouver\u00a0des solutions ad\u00e9quates \u00e0 ce fl\u00e9au\u00a0 Les causes derri\u00e8re cet acte de d\u00e9sespoir restent en grande partie pour les enqu\u00eateurs une \u00e9nigme qui n\u00e9cessite beaucoup de temps et d\u2019efforts pour \u00eatre r\u00e9solues. Les militants des droits de l\u2019Homme et les autres repr\u00e9sentants de la soci\u00e9t\u00e9 [&hellip;]<\/p>\n","protected":false},"author":1759,"featured_media":0,"comment_status":"closed","ping_status":"closed","sticky":false,"template":"","format":"standard","meta":{"fifu_image_url":"","fifu_image_alt":"","footnotes":""},"categories":[73,54],"tags":[],"class_list":["post-48419","post","type-post","status-publish","format-standard","hentry","category-actualite","category-maroc"],"_links":{"self":[{"href":"https:\/\/linitiative.ca\/International\/wp-json\/wp\/v2\/posts\/48419","targetHints":{"allow":["GET"]}}],"collection":[{"href":"https:\/\/linitiative.ca\/International\/wp-json\/wp\/v2\/posts"}],"about":[{"href":"https:\/\/linitiative.ca\/International\/wp-json\/wp\/v2\/types\/post"}],"author":[{"embeddable":true,"href":"https:\/\/linitiative.ca\/International\/wp-json\/wp\/v2\/users\/1759"}],"replies":[{"embeddable":true,"href":"https:\/\/linitiative.ca\/International\/wp-json\/wp\/v2\/comments?post=48419"}],"version-history":[{"count":0,"href":"https:\/\/linitiative.ca\/International\/wp-json\/wp\/v2\/posts\/48419\/revisions"}],"wp:attachment":[{"href":"https:\/\/linitiative.ca\/International\/wp-json\/wp\/v2\/media?parent=48419"}],"wp:term":[{"taxonomy":"category","embeddable":true,"href":"https:\/\/linitiative.ca\/International\/wp-json\/wp\/v2\/categories?post=48419"},{"taxonomy":"post_tag","embeddable":true,"href":"https:\/\/linitiative.ca\/International\/wp-json\/wp\/v2\/tags?post=48419"}],"curies":[{"name":"wp","href":"https:\/\/api.w.org\/{rel}","templated":true}]}}