{"id":48420,"date":"2019-07-25T12:09:35","date_gmt":"2019-07-25T16:09:35","guid":{"rendered":"https:\/\/linitiative.ca\/International\/conference-internationale-la-precarite-de-lemploi-touche-70-de-la-population-jeune-au-cameroun\/"},"modified":"2019-07-25T12:09:35","modified_gmt":"2019-07-25T16:09:35","slug":"conference-internationale-la-precarite-de-lemploi-touche-70-de-la-population-jeune-au-cameroun","status":"publish","type":"post","link":"https:\/\/linitiative.ca\/International\/conference-internationale-la-precarite-de-lemploi-touche-70-de-la-population-jeune-au-cameroun\/","title":{"rendered":"Conf\u00e9rence internationale : la pr\u00e9carit\u00e9 de l\u2019emploi touche 70% de la population jeune au Cameroun"},"content":{"rendered":"<p>Plusieurs r\u00e9sultats ont \u00e9t\u00e9s \u00e9voqu\u00e9s au sortir de la conf\u00e9rence internationale d\u2019am\u00e9lioration des politiques d\u2019emploi des jeunes en Afrique. En premier, une \u00e9valuation des jeunes en mati\u00e8re d\u2019emploi au Cameroun d\u00e9montre que <strong>2\/3<\/strong> de la population en dessous de <strong>35 ans<\/strong> est int\u00e9ress\u00e9e par les questions d\u2019emploi. Le ch\u00f4mage au sein de la population jeune atteint 2 chiffres, c\u2019est-\u00e0-dire autour de <strong>10%<\/strong>. Tandis que sur le plan global il est de <strong>5%<\/strong>. Le sous-emploi, notamment les emplois pr\u00e9caires, touche <strong>70%<\/strong> de jeunes. Les d\u00e9lais d\u2019insertion professionnels\u00a0 sont tr\u00e8s longs entre la sortie de l\u2019\u00e9cole et le premier travail, car on compte au minimum 36 mois. Comme autre r\u00e9sultat, le renforcement des capacit\u00e9s en termes de formation initial des diff\u00e9rents intervenants\u00a0 dans la chaine des politiques de l\u2019emploi. Comme le laisse entendre <strong>Fomba Kamga<\/strong>, le coordonnateur du Crdi, \u00ab\u00a0<em>Nous \u00a0avons remarqu\u00e9 que la quasi-totalit\u00e9 des intervenants se forment lorsqu\u2019ils sont d\u00e9j\u00e0 en train de travailler. Alors qu\u2019il aurait \u00e9t\u00e9 souhaitable de leur inculquer au pr\u00e9alable la notion d\u2019emploi, les techniques d\u2019insertion professionnelle<\/em>, etc.\u00a0\u00bb. \u00ab\u00a0<em>Il y\u2019a \u00e9galement le suivi-\u00e9valuation sur lequel nous mettons un point d\u2019honneur<\/em>\u00a0\u00bb ajoute-t-il.<\/p>\n<p>La question du genre est toute aussi pr\u00e9occupante. Bien que n\u2019\u00e9tant pas encore adopt\u00e9 de fa\u00e7on syst\u00e9matique dans les diff\u00e9rents programmes, le genre f\u00e9minin se doit d\u2019\u00eatre int\u00e9gr\u00e9 au niveau de l\u2019\u00e9laboration des politiques d\u2019emploi, de tous les indicateurs de suivi et au niveau de l\u2019\u00e9valuation d\u2019impact.<\/p>\n<p>Le Crdi a pu mettre en relation, au terme de ces travaux de recherches qui ont dur\u00e9s 5 jours, tous les acteurs qui travaillent sur la question, de fa\u00e7on \u00e0 mutualiser les moyens pour am\u00e9liorer les r\u00e9sultats.\u00a0Car \u00a0parfois, \u00a0des acteurs font la m\u00eame chose sans se connaitre. Ce qui ne leur permet pas d\u2019exploiter de fa\u00e7on optimale les ressources qui leur sont allou\u00e9es. Ce d\u2019autant plus que ces ressources ne sont pas en quantit\u00e9 illimit\u00e9e.\u00a0 Le Crdi projette donc \u00e0 la fin de ces travaux,\u00a0 avec l\u2019aide des diff\u00e9rents partenaires venus de cinq pays, notamment le Cameroun\u00a0; le Tchad\u00a0; le Congo\u00a0; la Cote d\u2019Ivoire et Le S\u00e9n\u00e9gal, d\u2019accompagner \u00a0les diff\u00e9rents acteurs de la chaine des politiques d\u2019emploi\u00a0 en int\u00e9grant cet accompagnement comme r\u00e9sultat final de l\u2019\u00e9valuation de ses activit\u00e9s.<\/p>\n<p>D\u2019apr\u00e8s\u00a0 <strong>Issa Tchiroma Bakary<\/strong>, ministre de l\u2019Emploi et Formation Professionnelle, pr\u00e9sent \u00e0 cette c\u00e9r\u00e9monie,\u00a0 \u00ab\u00a0<em>l\u2019\u00e9volution des institutions du march\u00e9 du travail est li\u00e9e aux mutations qu\u2019a connues l\u2019\u00e9conomie camerounaise depuis les ind\u00e9pendances jusqu\u2019\u00e0 nos jours<\/em>.\u00a0\u00bb, Dans la mise en \u0153uvre de sa politique de promotion de l\u2019emploi des jeunes,\u00a0 \u00ab\u00a0 <em>le gouvernement du Cameroun a mis en place des projets et programmes pour faciliter l\u2019insertion de ces jeunes sur le march\u00e9 du travail. Il s\u2019agit entre autres, du programme de promotion de l\u2019entreprenariat agropastoral des jeunes\u00a0; du projet int\u00e9gr\u00e9 d\u2019appui aux acteurs du secteur informel<\/em>\u2026\u00a0\u00bb, A t\u2019il conclut.<\/p>\n<div class=\"about-author about-author-box container-wrapper\">\n<div class=\"author-avatar\">\n<p><img decoding=\"async\" src=\"http:\/\/\" alt=\"\"\/><\/p>\n<\/div>\n<p><h4>La R\u00e9daction EcoMatin<\/h4>\n<\/p>\n<\/div>\n<div class=\"awac-wrapper awac widget blog_subscription-2\">\n<h4 class=\"widget-title\">Abonnez-vous \u00e0 notre lettre d&rsquo;information<\/h4>\n<\/div>\n<p>Auteur: EcoMatin<br \/>\n<a href=\"https:\/\/ecomatin.net\/conference-internationale-la-precarite-de-lemploi-touche-70-de-la-population-jeune-au-cameroun\/\">Cliquez ici pour lire l&rsquo;article depuis sa source.<\/a><\/p>\n","protected":false},"excerpt":{"rendered":"<p>Plusieurs r\u00e9sultats ont \u00e9t\u00e9s \u00e9voqu\u00e9s au sortir de la conf\u00e9rence internationale d\u2019am\u00e9lioration des politiques d\u2019emploi des jeunes en Afrique. En premier, une \u00e9valuation des jeunes en mati\u00e8re d\u2019emploi au Cameroun d\u00e9montre que 2\/3 de la population en dessous de 35 ans est int\u00e9ress\u00e9e par les questions d\u2019emploi. Le ch\u00f4mage au sein de la population jeune [&hellip;]<\/p>\n","protected":false},"author":1969,"featured_media":0,"comment_status":"closed","ping_status":"closed","sticky":false,"template":"","format":"standard","meta":{"fifu_image_url":"","fifu_image_alt":"","footnotes":""},"categories":[82,78],"tags":[],"class_list":["post-48420","post","type-post","status-publish","format-standard","hentry","category-cameroun","category-economie"],"_links":{"self":[{"href":"https:\/\/linitiative.ca\/International\/wp-json\/wp\/v2\/posts\/48420","targetHints":{"allow":["GET"]}}],"collection":[{"href":"https:\/\/linitiative.ca\/International\/wp-json\/wp\/v2\/posts"}],"about":[{"href":"https:\/\/linitiative.ca\/International\/wp-json\/wp\/v2\/types\/post"}],"author":[{"embeddable":true,"href":"https:\/\/linitiative.ca\/International\/wp-json\/wp\/v2\/users\/1969"}],"replies":[{"embeddable":true,"href":"https:\/\/linitiative.ca\/International\/wp-json\/wp\/v2\/comments?post=48420"}],"version-history":[{"count":0,"href":"https:\/\/linitiative.ca\/International\/wp-json\/wp\/v2\/posts\/48420\/revisions"}],"wp:attachment":[{"href":"https:\/\/linitiative.ca\/International\/wp-json\/wp\/v2\/media?parent=48420"}],"wp:term":[{"taxonomy":"category","embeddable":true,"href":"https:\/\/linitiative.ca\/International\/wp-json\/wp\/v2\/categories?post=48420"},{"taxonomy":"post_tag","embeddable":true,"href":"https:\/\/linitiative.ca\/International\/wp-json\/wp\/v2\/tags?post=48420"}],"curies":[{"name":"wp","href":"https:\/\/api.w.org\/{rel}","templated":true}]}}