{"id":48421,"date":"2019-07-25T11:50:02","date_gmt":"2019-07-25T15:50:02","guid":{"rendered":"https:\/\/linitiative.ca\/International\/40c-un-seuil-de-moins-en-moins-symbolique-en-france\/"},"modified":"2019-07-25T11:50:02","modified_gmt":"2019-07-25T15:50:02","slug":"40c-un-seuil-de-moins-en-moins-symbolique-en-france","status":"publish","type":"post","link":"https:\/\/linitiative.ca\/International\/40c-un-seuil-de-moins-en-moins-symbolique-en-france\/","title":{"rendered":"40\u00b0C, un seuil de moins en moins symbolique en France"},"content":{"rendered":"<div readability=\"32\">\n<p>Publi\u00e9 le 25.07.2019 \u00e0 16h50 par AFP<\/p>\n<\/div>\n<div readability=\"151\">\n<p>Il y a encore un demi-si\u00e8cle, atteindre les 40\u00b0C en France \u00e9tait exceptionnel. Mais cette barre symbolique est d\u00e9pass\u00e9e de plus en plus fr\u00e9quemment, et pourrait m\u00eame devenir une \u00ab\u00a0normale\u00a0\u00bb des vagues de chaleur.<\/p>\n<p>Selon M\u00e9t\u00e9o-France, ce seuil des 40\u00b0C n\u2019a \u00e9t\u00e9 d\u00e9pass\u00e9 qu\u2019une fois dans les ann\u00e9es 1960 (en 1968 en Aquitaine) et une fois dans les ann\u00e9es 1970 (en 1975 en Corse).<\/p>\n<p>Dans les ann\u00e9es 1980 et 1990, cette temp\u00e9rature encore rare est devenue plus fr\u00e9quente.<\/p>\n<p>Et dans un monde qui subit les effets visibles du r\u00e9chauffement climatique, le XXIe si\u00e8cle a vu les choses s\u2019acc\u00e9l\u00e9rer et les ann\u00e9es o\u00f9 cette barre est franchie se multiplient, avec des ann\u00e9es particuli\u00e8rement exceptionnelles comme 2003 et 2019.<\/p>\n<p>Ainsi, depuis 2008, le seuil a \u00e9t\u00e9 d\u00e9pass\u00e9 tous les ans dans au moins une station fran\u00e7aise, \u00e0 l\u2019exception de 2014, selon M\u00e9t\u00e9o-France.<\/p>\n<p>Cette ann\u00e9e, lors de la canicule de juin, la France a explos\u00e9 son record absolu de chaleur, avec 46\u00b0C mesur\u00e9s le 28 juin \u00e0 V\u00e9rargues, dans l\u2019H\u00e9rault. Le pr\u00e9c\u00e9dent record datait de 2003, avec 44,1\u00b0C enregistr\u00e9s dans le Gard.<\/p>\n<p>Mais ce deuxi\u00e8me \u00e9pisode de canicule marque l\u2019extension de la chaleur vers le nord du pays, avec des villes qui y ont d\u00e9pass\u00e9 pour la premi\u00e8re fois les 40\u00b0C.<\/p>\n<p>\u00ab\u00a040\u00b0C ne sera pas la nouvelle norme des \u00e9t\u00e9s fran\u00e7ais, mais \u00e7a sera tr\u00e8s certainement la nouvelle norme des vagues de chaleur des \u00e9t\u00e9s\u00a0\u00bb, a indiqu\u00e9 jeudi \u00e0 l\u2019AFP Robert Vautard, climatologue au Laboratoire des sciences du climat et de l\u2019environnement.<\/p>\n<p>Et ce n\u2019est que le d\u00e9but.<\/p>\n<p>\u00ab\u00a0Au milieu du si\u00e8cle, il faudra s\u2019habituer \u00e0 des vagues de chaleur o\u00f9 on d\u00e9passera les 45\u00b0C aussi bien dans le midi qu\u2019ailleurs\u00a0\u00bb, a-t-il ajout\u00e9.<\/p>\n<p>Et en 2100, certaines simulations montrent \u00ab\u00a0des d\u00e9passements des 50\u00b0C, plut\u00f4t dans le sud de la France\u00a0\u00bb.<\/p>\n<p>Voici quelques exemples des villes qui ont atteint ou d\u00e9pass\u00e9 les 40\u00b0C cette semaine, en battant des records datant parfois de dizaines d\u2019ann\u00e9es:<\/p>\n<p>\u2013 Paris 42,6\u00b0C (pr\u00e9c\u00e9dent record 40,4\u00b0C en 1947)<\/p>\n<p>\u2013 Brive 42,1\u00b0C (pr\u00e9c\u00e9dent record 41,4\u00b0C en 2015)<\/p>\n<p>\u2013 Vichy 41,3\u00b0C (pr\u00e9c\u00e9dent record 41,2\u00b0C en 1983)<\/p>\n<p>\u2013 Bordeaux 41,2\u00b0C (pr\u00e9c\u00e9dent record 40,7\u00b0C en 2003)<\/p>\n<p>\u2013 Ch\u00e2teauroux 41,2\u00b0C (pr\u00e9c\u00e9dent record 40,5\u00b0C en 1906)<\/p>\n<p>\u2013 Angers 41\u00b0C (pr\u00e9c\u00e9dent record 39,8\u00b0C en 2003)<\/p>\n<p>\u2013 Rouen 40,7\u00b0C (pr\u00e9c\u00e9dent record 38,1\u00b0C en 2003)<\/p>\n<p>\u2013 Le Mans 40,7\u00b0C (pr\u00e9c\u00e9dent record 40,5\u00b0C en 2003)<\/p>\n<p>\u2013 Lille 40,5\u00b0C (pr\u00e9c\u00e9dent record 37,6\u00b0C en 2018)<\/p>\n<p>\u2013 Blois 40,4\u00b0C (pr\u00e9c\u00e9dent record 39,5\u00b0C en 2003)<\/p>\n<p>\u2013 Tours 40,2\u00b0C (pr\u00e9c\u00e9dent record 39,8\u00b0C en 2003)<\/p>\n<p>\u2013 Bourges 40,2\u00b0C (pr\u00e9c\u00e9dent record 39,9\u00b0C en 2003)<\/p>\n<p>\u2013 Rennes 40,1\u00b0C (pr\u00e9c\u00e9dent record 39,5\u00b0C en 2003)<\/p>\n<p>\u2013 Nancy 40,1\u00b0C (pr\u00e9c\u00e9dent record 39,3\u00b0C en 2003)<\/p>\n<p>\u2013 Dunkerque 40\u00b0C (pr\u00e9c\u00e9dent record 38,3\u00b0C en 2006)<\/p>\n<\/div>\n<p>Auteur: AFP<br \/>\n<a href=\"https:\/\/www.journalducameroun.com\/40c-un-seuil-de-moins-en-moins-symbolique-en-france\/\">Cliquez ici pour lire l&rsquo;article depuis sa source.<\/a><\/p>\n","protected":false},"excerpt":{"rendered":"<p>Publi\u00e9 le 25.07.2019 \u00e0 16h50 par AFP Il y a encore un demi-si\u00e8cle, atteindre les 40\u00b0C en France \u00e9tait exceptionnel. Mais cette barre symbolique est d\u00e9pass\u00e9e de plus en plus fr\u00e9quemment, et pourrait m\u00eame devenir une \u00ab\u00a0normale\u00a0\u00bb des vagues de chaleur. Selon M\u00e9t\u00e9o-France, ce seuil des 40\u00b0C n\u2019a \u00e9t\u00e9 d\u00e9pass\u00e9 qu\u2019une fois dans les ann\u00e9es [&hellip;]<\/p>\n","protected":false},"author":1965,"featured_media":0,"comment_status":"closed","ping_status":"closed","sticky":false,"template":"","format":"standard","meta":{"fifu_image_url":"","fifu_image_alt":"","footnotes":""},"categories":[73,82],"tags":[],"class_list":["post-48421","post","type-post","status-publish","format-standard","hentry","category-actualite","category-cameroun"],"_links":{"self":[{"href":"https:\/\/linitiative.ca\/International\/wp-json\/wp\/v2\/posts\/48421","targetHints":{"allow":["GET"]}}],"collection":[{"href":"https:\/\/linitiative.ca\/International\/wp-json\/wp\/v2\/posts"}],"about":[{"href":"https:\/\/linitiative.ca\/International\/wp-json\/wp\/v2\/types\/post"}],"author":[{"embeddable":true,"href":"https:\/\/linitiative.ca\/International\/wp-json\/wp\/v2\/users\/1965"}],"replies":[{"embeddable":true,"href":"https:\/\/linitiative.ca\/International\/wp-json\/wp\/v2\/comments?post=48421"}],"version-history":[{"count":0,"href":"https:\/\/linitiative.ca\/International\/wp-json\/wp\/v2\/posts\/48421\/revisions"}],"wp:attachment":[{"href":"https:\/\/linitiative.ca\/International\/wp-json\/wp\/v2\/media?parent=48421"}],"wp:term":[{"taxonomy":"category","embeddable":true,"href":"https:\/\/linitiative.ca\/International\/wp-json\/wp\/v2\/categories?post=48421"},{"taxonomy":"post_tag","embeddable":true,"href":"https:\/\/linitiative.ca\/International\/wp-json\/wp\/v2\/tags?post=48421"}],"curies":[{"name":"wp","href":"https:\/\/api.w.org\/{rel}","templated":true}]}}