{"id":48423,"date":"2019-07-25T12:46:53","date_gmt":"2019-07-25T16:46:53","guid":{"rendered":"https:\/\/linitiative.ca\/International\/electricite-le-flou-persiste-sur-le-depart-ou-non-dactis-actionnaire-majoritaire-deneo-au-cameroun\/"},"modified":"2019-07-25T12:46:53","modified_gmt":"2019-07-25T16:46:53","slug":"electricite-le-flou-persiste-sur-le-depart-ou-non-dactis-actionnaire-majoritaire-deneo-au-cameroun","status":"publish","type":"post","link":"https:\/\/linitiative.ca\/International\/electricite-le-flou-persiste-sur-le-depart-ou-non-dactis-actionnaire-majoritaire-deneo-au-cameroun\/","title":{"rendered":"Electricit\u00e9 : le flou persiste sur le d\u00e9part ou non d\u2019Actis actionnaire majoritaire d\u2019Eneo au Cameroun"},"content":{"rendered":"<div class=\"featured-area featured-area-inner\"><img loading=\"lazy\" decoding=\"async\" width=\"780\" height=\"405\" src=\"https:\/\/i0.wp.com\/ecomatin.net\/wp-content\/uploads\/2019\/07\/ecomatin.net-electricite-clair-obscur-dans-lavenir-deneo-cameroon-eneo-3.jpg?resize=780%2C405&#038;ssl=1&#038;is-pending-load=1\" class=\"attachment-jannah-image-post size-jannah-image-post wp-post-image jetpack-lazy-image\" alt=\"\" data-attachment-id=\"9791\" data-permalink=\"https:\/\/ecomatin.net\/electricite-clair-obscur-dans-lavenir-deneo-cameroon\/eneo-3-2\/\" data-orig-file=\"https:\/\/i0.wp.com\/ecomatin.net\/wp-content\/uploads\/2019\/07\/ecomatin.net-electricite-clair-obscur-dans-lavenir-deneo-cameroon-eneo-3.jpg?fit=1395%2C923&#038;ssl=1\" data-orig-size=\"1395,923\" data-comments-opened=\"0\" data-image-meta=\"{\"aperture\":\"0\",\"credit\":\"\",\"camera\":\"\",\"caption\":\"\",\"created_timestamp\":\"0\",\"copyright\":\"\",\"focal_length\":\"0\",\"iso\":\"0\",\"shutter_speed\":\"0\",\"title\":\"\",\"orientation\":\"0\"}\" data-image-title=\"Eneo 3\" data-image-description=\"\" data-medium-file=\"https:\/\/i0.wp.com\/ecomatin.net\/wp-content\/uploads\/2019\/07\/ecomatin.net-electricite-clair-obscur-dans-lavenir-deneo-cameroon-eneo-3.jpg?fit=300%2C198&#038;ssl=1\" data-large-file=\"https:\/\/i0.wp.com\/ecomatin.net\/wp-content\/uploads\/2019\/07\/ecomatin.net-electricite-clair-obscur-dans-lavenir-deneo-cameroon-eneo-3.jpg?fit=1024%2C678&#038;ssl=1\" srcset=\"data:image\/gif;base64,R0lGODlhAQABAIAAAAAAAP\/\/\/yH5BAEAAAAALAAAAAABAAEAAAIBRAA7\"\/><\/div>\n<div class=\"entry-content entry clearfix\" readability=\"63\">\n<p>Elle a effleur\u00e9 le sujet laissant l\u2019opinion sur sa fin. <strong>Nafiatou N\u2019Daw,<\/strong> pr\u00e9sidente du comit\u00e9 d\u2019audit d\u2019<strong>Energy of Cameroon<\/strong> (Eneo) au sortir de l\u2019audience \u00e0 elle accord\u00e9e par <strong>Louis Paul Motaze<\/strong>, ministre des Finances, le mercredi 24 juillet 2019\u00a0 dit \u00ab <em>\u00eatre all\u00e9e discuter de l\u2019am\u00e9lioration du secteur de l\u2019\u00e9nergie au Cameroun \u00bb.\u00a0 \u00c0 la question de savoir \u00ab\u2009o\u00f9 en est Actis avec la vente d\u2019Eneo<\/em>\u2009\u00bb, <strong>Nafiatou N\u2019Daw<\/strong> a r\u00e9pondu : \u00ab\u2009<em>Dans mon r\u00f4le, ce n\u2019est pas \u00e0 moi de r\u00e9pondre \u00e0 cette question. Mais de toute fa\u00e7on, toute d\u00e9cision prise est dans l\u2019int\u00e9r\u00eat de l\u2019\u00c9tat et de la soci\u00e9t\u00e9\u2009<\/em>\u00bb.<\/p>\n<p>Pour l\u2019heure, la pol\u00e9mique enfle. Plusieurs m\u00e9dias annoncent que le fonds d\u2019investissement britannique Actis, lass\u00e9 des interf\u00e9rences politiques et du non-r\u00e8glement des arri\u00e9r\u00e9s de l\u2019\u00c9tat (plus de <strong>100 milliards de FCFA<\/strong>), cherche activement un repreneur. L\u2019Hebdomadaire <strong>Jeune Afrique<\/strong> dans une r\u00e9cente \u00e9dition annon\u00e7ait d\u00e9j\u00e0 des potentiels \u00ab repreneurs \u00bb.\u00a0 Selon le magazine, les impay\u00e9s envers l\u2019op\u00e9rateur national \u00ab d<em>\u00e9passent largement les 100 milliards de F CFA<\/em> \u00bb. Le m\u00eame magazine annon\u00e7ait\u00a0 que certaines entreprises seraient d\u00e9j\u00e0 venues se renseigner dont l\u2019angolais <strong>Aenergy<\/strong>. Sous d\u2019autres cieux, l\u2019on signale en fait qu\u2019il y a eu <strong>273 d\u00e9sinvestissements<\/strong> de Private Equity en Afrique entre 2013 et 2018. Et donc, \u00e7a ne serait qu\u2019un processus normal dans la logique du business d\u00e9velopp\u00e9 par des fonds d\u2019investissement qui ach\u00e8tent et revendent. Actis aurait donc attendu, la prolongation, la fin de l\u2019ann\u00e9e derni\u00e8re, jusqu\u2019en 2031 de la concession d\u2019Eneo, pour revendre ses actifs \u00e0 un meilleur prix.<\/p>\n<p>C\u2019est le 7 novembre 2013 que le groupe am\u00e9ricain AES et le britannique Actis ont annonc\u00e9 avoir trouv\u00e9 un accord pour la cession de tous les actifs d\u2019AES dans ses filiales camerounaises <strong>AES-Sonel<\/strong> (pr\u00e9d\u00e9cesseur d\u2019Eneo), <strong>Kribi Power Development Corporation<\/strong> (KPDC) et D<strong>ibamba Power Development Corporation<\/strong> (DPDC). Montant de la transaction : 220 millions de dollars, soit environ <strong>110 milliards de FCFA<\/strong> \u00e0 l\u2019\u00e9poque.<\/p>\n<div class=\"about-author about-author-box container-wrapper\">\n<div class=\"author-avatar\">\n<p><img decoding=\"async\" src=\"http:\/\/\" alt=\"\"\/><\/p>\n<\/div>\n<p><h4>La R\u00e9daction EcoMatin<\/h4>\n<\/p>\n<\/div>\n<div class=\"awac-wrapper awac widget blog_subscription-2\">\n<h4 class=\"widget-title\">Abonnez-vous \u00e0 notre lettre d&rsquo;information<\/h4>\n<\/div>\n<\/div>\n<div class=\"toggle-post-content clearfix\"><a id=\"toggle-post-button\" class=\"button\" href=\"#\">Afficher plus <\/a><\/div>\n<p>Auteur: EcoMatin<br \/>\n<a href=\"https:\/\/ecomatin.net\/electricite-le-flou-persiste-sur-le-depart-ou-non-dactis-actionnaire-majoritaire-deneo-au-cameroun\/\">Cliquez ici pour lire l&rsquo;article depuis sa source.<\/a><\/p>\n","protected":false},"excerpt":{"rendered":"<p>Elle a effleur\u00e9 le sujet laissant l\u2019opinion sur sa fin. Nafiatou N\u2019Daw, pr\u00e9sidente du comit\u00e9 d\u2019audit d\u2019Energy of Cameroon (Eneo) au sortir de l\u2019audience \u00e0 elle accord\u00e9e par Louis Paul Motaze, ministre des Finances, le mercredi 24 juillet 2019\u00a0 dit \u00ab \u00eatre all\u00e9e discuter de l\u2019am\u00e9lioration du secteur de l\u2019\u00e9nergie au Cameroun \u00bb.\u00a0 \u00c0 la [&hellip;]<\/p>\n","protected":false},"author":1969,"featured_media":0,"comment_status":"closed","ping_status":"closed","sticky":false,"template":"","format":"standard","meta":{"fifu_image_url":"","fifu_image_alt":"","footnotes":""},"categories":[82,78],"tags":[],"class_list":["post-48423","post","type-post","status-publish","format-standard","hentry","category-cameroun","category-economie"],"_links":{"self":[{"href":"https:\/\/linitiative.ca\/International\/wp-json\/wp\/v2\/posts\/48423","targetHints":{"allow":["GET"]}}],"collection":[{"href":"https:\/\/linitiative.ca\/International\/wp-json\/wp\/v2\/posts"}],"about":[{"href":"https:\/\/linitiative.ca\/International\/wp-json\/wp\/v2\/types\/post"}],"author":[{"embeddable":true,"href":"https:\/\/linitiative.ca\/International\/wp-json\/wp\/v2\/users\/1969"}],"replies":[{"embeddable":true,"href":"https:\/\/linitiative.ca\/International\/wp-json\/wp\/v2\/comments?post=48423"}],"version-history":[{"count":0,"href":"https:\/\/linitiative.ca\/International\/wp-json\/wp\/v2\/posts\/48423\/revisions"}],"wp:attachment":[{"href":"https:\/\/linitiative.ca\/International\/wp-json\/wp\/v2\/media?parent=48423"}],"wp:term":[{"taxonomy":"category","embeddable":true,"href":"https:\/\/linitiative.ca\/International\/wp-json\/wp\/v2\/categories?post=48423"},{"taxonomy":"post_tag","embeddable":true,"href":"https:\/\/linitiative.ca\/International\/wp-json\/wp\/v2\/tags?post=48423"}],"curies":[{"name":"wp","href":"https:\/\/api.w.org\/{rel}","templated":true}]}}