{"id":48425,"date":"2019-07-25T11:50:05","date_gmt":"2019-07-25T15:50:05","guid":{"rendered":"https:\/\/linitiative.ca\/International\/le-financier-americain-jeffrey-epstein-decouvert-blesse-dans-sa-cellule\/"},"modified":"2019-07-25T11:50:05","modified_gmt":"2019-07-25T15:50:05","slug":"le-financier-americain-jeffrey-epstein-decouvert-blesse-dans-sa-cellule","status":"publish","type":"post","link":"https:\/\/linitiative.ca\/International\/le-financier-americain-jeffrey-epstein-decouvert-blesse-dans-sa-cellule\/","title":{"rendered":"Le financier am\u00e9ricain Jeffrey Epstein d\u00e9couvert bless\u00e9 dans sa cellule"},"content":{"rendered":"<div readability=\"32\">\n<p>Publi\u00e9 le 25.07.2019 \u00e0 16h50 par AFP<\/p>\n<\/div>\n<div readability=\"136\">\n<p>Le financier am\u00e9ricain Jeffrey Esptein a \u00e9t\u00e9 retrouv\u00e9 allong\u00e9 par terre dans sa cellule avec des marques sur le cou, ont rapport\u00e9 plusieurs m\u00e9dias am\u00e9ricains, quelques jours apr\u00e8s la d\u00e9cision d\u2019un juge f\u00e9d\u00e9ral de le maintenir en d\u00e9tention.<\/p>\n<p>Dans un \u00e9tat semi-comateux, le sexag\u00e9naire a \u00e9t\u00e9 transport\u00e9 dans un h\u00f4pital voisin du Metropolitan Correctionnal Center (MCC), la prison de Manhattan dans laquelle il est incarc\u00e9r\u00e9 dans l\u2019attente de son proc\u00e8s, selon le New York Post.<\/p>\n<p>Selon certaines sources cit\u00e9es par la cha\u00eene NBC, Jeffrey Epstein pourrait avoir tent\u00e9 de se pendre, m\u00eame si les blessures constat\u00e9es seraient sans gravit\u00e9.<\/p>\n<p>Toujours selon NBC, un autre d\u00e9tenu aurait \u00e9t\u00e9 interrog\u00e9 par l\u2019administration p\u00e9nitentiaire au sujet d\u2019une possible agression.<\/p>\n<p>Contact\u00e9 par l\u2019AFP, le Bureau des prisons (BOP) n\u2019a pas donn\u00e9 suite imm\u00e9diatement, pas plus que les trois avocats du financier ou le bureau du procureur f\u00e9d\u00e9ral de Manhattan.<\/p>\n<p>G\u00e9n\u00e9ralement utilis\u00e9 pour les justiciables en attente de leur proc\u00e8s, le MCC est l\u2019une des prisons les plus s\u00fbres des Etats-Unis. Le narcotrafiquant mexicain Joaquin Guzman, alias \u00ab\u00a0El Chapo\u00a0\u00bb, y a s\u00e9journ\u00e9 durant plus de deux ans avant d\u2019\u00eatre transf\u00e9r\u00e9 dans le Colorado vendredi.<\/p>\n<p>Jeffrey Esptein est accus\u00e9 d\u2019agressions sexuelles sur des mineures. Il aurait organis\u00e9, durant plusieurs ann\u00e9es, un r\u00e9seau constitu\u00e9 de dizaines de jeunes filles sous influence, certaines coll\u00e9giennes, avec lesquelles il avait des rapports sexuels dans ses nombreuses propri\u00e9t\u00e9s.<\/p>\n<p>\u2013 La piste parisienne \u2013<\/p>\n<p>Interpell\u00e9 le 6 juillet \u00e0 son retour aux Etats-Unis, il a \u00e9t\u00e9 d\u00e9bout\u00e9 le 18 juillet de sa demande de remise en libert\u00e9 par le juge f\u00e9d\u00e9ral Richard Berman, qui a estim\u00e9 que le procureur avait \u00ab\u00a0\u00e9tabli le danger (que pr\u00e9sente l\u2019accus\u00e9) pour les autres et la soci\u00e9t\u00e9\u00a0\u00bb, ainsi que le risque de fuite.<\/p>\n<p>Les avocats du financier \u00e9taient pr\u00eats \u00e0 verser une caution de plus de 100 millions de dollars et proposaient une assignation \u00e0 r\u00e9sidence \u00e0 Manhattan, un bracelet \u00e9lectronique et l\u2019installation de cam\u00e9ras pour suivre les all\u00e9es et venues.<\/p>\n<p>\u00ab\u00a0Je doute qu\u2019aucune formule puisse neutraliser le danger (que pr\u00e9sente Jeffrey Epstein) pour la soci\u00e9t\u00e9\u00a0\u00bb, avait alors expliqu\u00e9 le juge, qui a fix\u00e9 la prochaine audience au 31 juillet. L\u2019accus\u00e9 a fait appel de la d\u00e9cision.<\/p>\n<p>Inculp\u00e9 le 8 juillet d\u2019exploitation sexuelle de mineures et d\u2019association de malfaiteurs en vue d\u2019exploiter sexuellement des mineures, Jeffrey Epstein est passible de 45 ann\u00e9es d\u2019emprisonnement.<\/p>\n<p>Jeffrey Epstein a d\u00e9j\u00e0 \u00e9t\u00e9 poursuivi et condamn\u00e9 en 2008 \u00e0 18 mois d\u2019emprisonnement pour incitation \u00e0 la prostitution apr\u00e8s un accord pass\u00e9 avec les autorit\u00e9s, lequel ne tenait pas compte de la minorit\u00e9 des victimes et a fait couler depuis beaucoup d\u2019encre.<\/p>\n<p>Accus\u00e9 de complaisance pour avoir consenti, \u00e0 l\u2019\u00e9poque, \u00e0 cet accord, l\u2019ancien procureur f\u00e9d\u00e9ral de Floride Alexander Acosta a d\u00fb d\u00e9missionner le 12 juillet de son poste de ministre du Travail de Donald Trump.<\/p>\n<p>Les faits consid\u00e9r\u00e9s dans le dossier p\u00e9nal \u00e0 New York portent sur la p\u00e9riode allant de 2002 \u00e0 2005, mais l\u2019avocat de plusieurs victimes pr\u00e9sum\u00e9es, Brad Edwards, a affirm\u00e9 que Jeffrey Epstein avait continu\u00e9, par la suite \u00e0 recevoir chez lui de jeunes femmes, y compris lorsqu\u2019il purgeait sa peine, en 2008, en semi-libert\u00e9.<\/p>\n<p>La liste des contacts de Jeffrey Epstein \u00e9tait consign\u00e9e dans un petit carnet noir. Selon des extraits publi\u00e9s par plusieurs m\u00e9dias am\u00e9ricains, le financier avait notamment r\u00e9pertori\u00e9 une liste de jeunes filles \u00e0 Paris.<\/p>\n<p>Mardi, l\u2019association Innocence en danger a demand\u00e9 au parquet l\u2019ouverture d\u2019une enqu\u00eate pr\u00e9liminaire pour faire la lumi\u00e8re sur les \u00e9ventuels agissements de Jeffrey Epstein sur le territoire fran\u00e7ais.<\/p>\n<p>Il n\u2019y a pas d\u2019enqu\u00eate en cours suivie par le parquet de Paris, a appris jeudi l\u2019AFP de sources judiciaires.<\/p>\n<\/div>\n<p>Auteur: AFP<br \/>\n<a href=\"https:\/\/www.journalducameroun.com\/le-financier-americain-jeffrey-epstein-decouvert-blesse-dans-sa-cellule\/\">Cliquez ici pour lire l&rsquo;article depuis sa source.<\/a><\/p>\n","protected":false},"excerpt":{"rendered":"<p>Publi\u00e9 le 25.07.2019 \u00e0 16h50 par AFP Le financier am\u00e9ricain Jeffrey Esptein a \u00e9t\u00e9 retrouv\u00e9 allong\u00e9 par terre dans sa cellule avec des marques sur le cou, ont rapport\u00e9 plusieurs m\u00e9dias am\u00e9ricains, quelques jours apr\u00e8s la d\u00e9cision d\u2019un juge f\u00e9d\u00e9ral de le maintenir en d\u00e9tention. Dans un \u00e9tat semi-comateux, le sexag\u00e9naire a \u00e9t\u00e9 transport\u00e9 dans [&hellip;]<\/p>\n","protected":false},"author":1965,"featured_media":0,"comment_status":"closed","ping_status":"closed","sticky":false,"template":"","format":"standard","meta":{"fifu_image_url":"","fifu_image_alt":"","footnotes":""},"categories":[73,82],"tags":[],"class_list":["post-48425","post","type-post","status-publish","format-standard","hentry","category-actualite","category-cameroun"],"_links":{"self":[{"href":"https:\/\/linitiative.ca\/International\/wp-json\/wp\/v2\/posts\/48425","targetHints":{"allow":["GET"]}}],"collection":[{"href":"https:\/\/linitiative.ca\/International\/wp-json\/wp\/v2\/posts"}],"about":[{"href":"https:\/\/linitiative.ca\/International\/wp-json\/wp\/v2\/types\/post"}],"author":[{"embeddable":true,"href":"https:\/\/linitiative.ca\/International\/wp-json\/wp\/v2\/users\/1965"}],"replies":[{"embeddable":true,"href":"https:\/\/linitiative.ca\/International\/wp-json\/wp\/v2\/comments?post=48425"}],"version-history":[{"count":0,"href":"https:\/\/linitiative.ca\/International\/wp-json\/wp\/v2\/posts\/48425\/revisions"}],"wp:attachment":[{"href":"https:\/\/linitiative.ca\/International\/wp-json\/wp\/v2\/media?parent=48425"}],"wp:term":[{"taxonomy":"category","embeddable":true,"href":"https:\/\/linitiative.ca\/International\/wp-json\/wp\/v2\/categories?post=48425"},{"taxonomy":"post_tag","embeddable":true,"href":"https:\/\/linitiative.ca\/International\/wp-json\/wp\/v2\/tags?post=48425"}],"curies":[{"name":"wp","href":"https:\/\/api.w.org\/{rel}","templated":true}]}}