{"id":48426,"date":"2019-07-25T11:50:06","date_gmt":"2019-07-25T15:50:06","guid":{"rendered":"https:\/\/linitiative.ca\/International\/centrafrique-lepidemie-debola-en-rdc-inquiete-les-autorites\/"},"modified":"2019-07-25T11:50:06","modified_gmt":"2019-07-25T15:50:06","slug":"centrafrique-lepidemie-debola-en-rdc-inquiete-les-autorites","status":"publish","type":"post","link":"https:\/\/linitiative.ca\/International\/centrafrique-lepidemie-debola-en-rdc-inquiete-les-autorites\/","title":{"rendered":"Centrafrique: l\u2019\u00e9pid\u00e9mie d\u2019Ebola en RDC inqui\u00e8te les autorit\u00e9s"},"content":{"rendered":"<div readability=\"32\">\n<p>Publi\u00e9 le 25.07.2019 \u00e0 16h50 par AFP<\/p>\n<\/div>\n<div readability=\"101\">\n<p>La R\u00e9publique centrafricaine n\u2019est \u00ab\u00a0pas pr\u00e9par\u00e9e\u00a0\u00bb \u00e0 affronter une propagation de l\u2019\u00e9pid\u00e9mie d\u2019Ebola qui s\u00e9vit actuellement dans le pays voisin, la R\u00e9publique d\u00e9mocratique du Congo, a d\u00e9clar\u00e9 jeudi le ministre de la sant\u00e9, Pierre Soms\u00e9.<\/p>\n<p>Une annonce qui intervient alors que l\u2019Organisation mondiale de la sant\u00e9 (OMS) vient de d\u00e9clarer l\u2019\u00e9pid\u00e9mie d\u2019Ebola \u00ab\u00a0urgence sanitaire mondiale\u00a0\u00bb le 17 juillet.<\/p>\n<p>A ce jour, aucun cas d\u2019Ebola n\u2019a cependant \u00e9t\u00e9 enregistr\u00e9 en R\u00e9publique centrafricaine.<\/p>\n<p>Mais dans les pr\u00e9fectures du sud-est du pays, voisines des provinces congolaises du Kivu touch\u00e9es par l\u2019\u00e9pid\u00e9mie, \u00ab\u00a0les \u00e9changes \u00e9conomiques et humains sont tr\u00e8s intenses\u00a0\u00bb, a soulign\u00e9 le ministre au cours d\u2019une conf\u00e9rence de presse.<\/p>\n<p>\u00ab\u00a0Nos \u00e9leveurs vendent leur b\u00e9tail en RDC. Les groupes rebelles et les braconniers vont et viennent de part et d\u2019autre de la fronti\u00e8re. Les risques sont \u00e9lev\u00e9s\u00a0\u00bb.<\/p>\n<p>Les districts frontaliers sont particuli\u00e8rement difficiles d\u2019acc\u00e8s en raison de leur isolement et de la pr\u00e9sence des groupes arm\u00e9s.<\/p>\n<p>Seuls 13 points d\u2019entr\u00e9e sont \u00e9quip\u00e9s pour contr\u00f4ler les voyageurs \u00e0 la fronti\u00e8re avec la R\u00e9publique d\u00e9mocratique du Congo, longue de pr\u00e8s de 2.000 km. Le gouvernement pr\u00e9voit d\u2019en installer une cinquantaine.<\/p>\n<p>Les moyens de transports, les kits de d\u00e9pistage et les \u00e9quipements de protection individuelle sont en nombre insuffisants, selon le minist\u00e8re.<\/p>\n<p>Pour d\u00e9pister Ebola, 380 agents de sant\u00e9 ont \u00e9t\u00e9 form\u00e9s dans le pays mais \u00ab\u00a0nous avons enregistr\u00e9 des failles dans le dispositif d\u2019alerte\u00a0\u00bb, a indiqu\u00e9 le ministre. Un cas suspect, qui par la suite n\u2019a pas \u00e9t\u00e9 confirm\u00e9, est ainsi arriv\u00e9 \u00e0 l\u2019h\u00f4pital communautaire de Bangui apr\u00e8s deux semaines d\u2019itin\u00e9rance dans le pays.<\/p>\n<p>Le budget du plan de pr\u00e9vention d\u2019Ebola dans le pays s\u2019\u00e9l\u00e8ve \u00e0 21,4 millions de dollars (19,1 millions d\u2019euros).<\/p>\n<p>\u00ab\u00a0La R\u00e9publique centrafricaine doit mettre en \u0153uvre un dispositif complexe avec un syst\u00e8me de sant\u00e9 sous-financ\u00e9\u00a0\u00bb, a d\u00e9clar\u00e9 \u00e0 la presse le repr\u00e9sentant de l\u2019OMS dans le pays, S\u00e9verin Von Xylander. Les d\u00e9penses de sant\u00e9 s\u2019\u00e9l\u00e8vent en moyenne \u00e0 17 dollars (15 euros) par habitant, loin du seuil minimum de 89 dollars (79 euros) que recommande l\u2019OMS.<\/p>\n<p>Riche en ressources naturelles, la Centrafrique est d\u00e9chir\u00e9e par un conflit meurtrier qui a forc\u00e9 pr\u00e8s d\u2019un quart des 4,5 millions d\u2019habitants \u00e0 fuir leur domicile. Plus de 400.000 d\u2019entre eux se sont r\u00e9fugi\u00e9s dans les pays voisins, dont la RDCongo.<\/p>\n<p>L\u2019\u00e9pid\u00e9mie, qui frappe l\u2019est de la RDC et dure depuis ao\u00fbt 2018, a provoqu\u00e9 la mort de plus de 1.700 personnes, un nombre qui augmente de jour en jour.<\/p>\n<\/div>\n<p>Auteur: AFP<br \/>\n<a href=\"https:\/\/www.journalducameroun.com\/centrafrique-lepidemie-debola-en-rdc-inquiete-les-autorites\/\">Cliquez ici pour lire l&rsquo;article depuis sa source.<\/a><\/p>\n","protected":false},"excerpt":{"rendered":"<p>Publi\u00e9 le 25.07.2019 \u00e0 16h50 par AFP La R\u00e9publique centrafricaine n\u2019est \u00ab\u00a0pas pr\u00e9par\u00e9e\u00a0\u00bb \u00e0 affronter une propagation de l\u2019\u00e9pid\u00e9mie d\u2019Ebola qui s\u00e9vit actuellement dans le pays voisin, la R\u00e9publique d\u00e9mocratique du Congo, a d\u00e9clar\u00e9 jeudi le ministre de la sant\u00e9, Pierre Soms\u00e9. Une annonce qui intervient alors que l\u2019Organisation mondiale de la sant\u00e9 (OMS) vient [&hellip;]<\/p>\n","protected":false},"author":1965,"featured_media":0,"comment_status":"closed","ping_status":"closed","sticky":false,"template":"","format":"standard","meta":{"fifu_image_url":"","fifu_image_alt":"","footnotes":""},"categories":[73,82],"tags":[],"class_list":["post-48426","post","type-post","status-publish","format-standard","hentry","category-actualite","category-cameroun"],"_links":{"self":[{"href":"https:\/\/linitiative.ca\/International\/wp-json\/wp\/v2\/posts\/48426","targetHints":{"allow":["GET"]}}],"collection":[{"href":"https:\/\/linitiative.ca\/International\/wp-json\/wp\/v2\/posts"}],"about":[{"href":"https:\/\/linitiative.ca\/International\/wp-json\/wp\/v2\/types\/post"}],"author":[{"embeddable":true,"href":"https:\/\/linitiative.ca\/International\/wp-json\/wp\/v2\/users\/1965"}],"replies":[{"embeddable":true,"href":"https:\/\/linitiative.ca\/International\/wp-json\/wp\/v2\/comments?post=48426"}],"version-history":[{"count":0,"href":"https:\/\/linitiative.ca\/International\/wp-json\/wp\/v2\/posts\/48426\/revisions"}],"wp:attachment":[{"href":"https:\/\/linitiative.ca\/International\/wp-json\/wp\/v2\/media?parent=48426"}],"wp:term":[{"taxonomy":"category","embeddable":true,"href":"https:\/\/linitiative.ca\/International\/wp-json\/wp\/v2\/categories?post=48426"},{"taxonomy":"post_tag","embeddable":true,"href":"https:\/\/linitiative.ca\/International\/wp-json\/wp\/v2\/tags?post=48426"}],"curies":[{"name":"wp","href":"https:\/\/api.w.org\/{rel}","templated":true}]}}