{"id":48428,"date":"2019-07-25T12:18:04","date_gmt":"2019-07-25T16:18:04","guid":{"rendered":"https:\/\/linitiative.ca\/International\/congo-pres-de-3-milliards-f-cfa-des-usa-pour-le-developpement-social-du-pool\/"},"modified":"2019-07-25T12:18:04","modified_gmt":"2019-07-25T16:18:04","slug":"congo-pres-de-3-milliards-f-cfa-des-usa-pour-le-developpement-social-du-pool","status":"publish","type":"post","link":"https:\/\/linitiative.ca\/International\/congo-pres-de-3-milliards-f-cfa-des-usa-pour-le-developpement-social-du-pool\/","title":{"rendered":"Congo : pr\u00e8s de 3 milliards f cfa des USA pour le d\u00e9veloppement social du Pool"},"content":{"rendered":"<div readability=\"32\">\n<p>Publi\u00e9 le 25.07.2019 \u00e0 17h18 par APA News<\/p>\n<\/div>\n<div readability=\"53\">\n<p>Le d\u00e9partement du Pool qui \u00e9tait en proie \u00e0 une ins\u00e9curit\u00e9 entretenue pendant deux ans (2016-2017) par les \u00ab Ninjas Nsiloulous \u00bb du pasteur Ntumi va b\u00e9n\u00e9ficier d\u2019une aide sociale de 5 millions de dollars (pr\u00e8s de 3 milliards f cfa) des USA, a annonc\u00e9 jeudi l\u2019ambassade am\u00e9ricaine \u00e0 Brazzaville.Selon le texte, c\u2019est l\u2019ambassadeur des Etats-Unis d\u2019Am\u00e9rique au Congo, Todd Haskell qui a fait l\u2019annonce le 24 juillet 2019 \u00e0 Brazzaville \u00a0lors d\u2019un entretien avec le Haut-commissaire \u00e0 la r\u00e9insertion des ex-combattants, Euloge Landry Kol\u00e9las.<\/p>\n<p>\u00ab Le Congo va b\u00e9n\u00e9ficier d\u2019une assistance sociale et financi\u00e8re de 5 millions de dollars sera destin\u00e9s aux populations du d\u00e9partement du Pool \u00bb, a promis le diplomate am\u00e9ricain.<\/p>\n<p>Cette enveloppe sera d\u00e9di\u00e9e \u00e0 la construction d\u2019infrastructures hydrauliques et d\u2019assainissement, \u00e0 la sensibilisation, \u00e0 l\u2019agriculture et \u00a0\u00e0 la s\u00e9curit\u00e9 alimentaire, \u00e0 la fourniture de cultures de base et de semences de l\u00e9gumes, \u00e0 l\u2019assistance des cultivateurs de manioc, entre autres.<\/p>\n<\/div>\n<p>Auteur: APA News<br \/>\n<a href=\"https:\/\/www.journalducameroun.com\/congo-pres-de-3-milliards-f-cfa-des-usa-pour-le-developpement-social-du-pool\/\">Cliquez ici pour lire l&rsquo;article depuis sa source.<\/a><\/p>\n","protected":false},"excerpt":{"rendered":"<p>Publi\u00e9 le 25.07.2019 \u00e0 17h18 par APA News Le d\u00e9partement du Pool qui \u00e9tait en proie \u00e0 une ins\u00e9curit\u00e9 entretenue pendant deux ans (2016-2017) par les \u00ab Ninjas Nsiloulous \u00bb du pasteur Ntumi va b\u00e9n\u00e9ficier d\u2019une aide sociale de 5 millions de dollars (pr\u00e8s de 3 milliards f cfa) des USA, a annonc\u00e9 jeudi l\u2019ambassade [&hellip;]<\/p>\n","protected":false},"author":1965,"featured_media":0,"comment_status":"closed","ping_status":"closed","sticky":false,"template":"","format":"standard","meta":{"fifu_image_url":"","fifu_image_alt":"","footnotes":""},"categories":[73,82],"tags":[],"class_list":["post-48428","post","type-post","status-publish","format-standard","hentry","category-actualite","category-cameroun"],"_links":{"self":[{"href":"https:\/\/linitiative.ca\/International\/wp-json\/wp\/v2\/posts\/48428","targetHints":{"allow":["GET"]}}],"collection":[{"href":"https:\/\/linitiative.ca\/International\/wp-json\/wp\/v2\/posts"}],"about":[{"href":"https:\/\/linitiative.ca\/International\/wp-json\/wp\/v2\/types\/post"}],"author":[{"embeddable":true,"href":"https:\/\/linitiative.ca\/International\/wp-json\/wp\/v2\/users\/1965"}],"replies":[{"embeddable":true,"href":"https:\/\/linitiative.ca\/International\/wp-json\/wp\/v2\/comments?post=48428"}],"version-history":[{"count":0,"href":"https:\/\/linitiative.ca\/International\/wp-json\/wp\/v2\/posts\/48428\/revisions"}],"wp:attachment":[{"href":"https:\/\/linitiative.ca\/International\/wp-json\/wp\/v2\/media?parent=48428"}],"wp:term":[{"taxonomy":"category","embeddable":true,"href":"https:\/\/linitiative.ca\/International\/wp-json\/wp\/v2\/categories?post=48428"},{"taxonomy":"post_tag","embeddable":true,"href":"https:\/\/linitiative.ca\/International\/wp-json\/wp\/v2\/tags?post=48428"}],"curies":[{"name":"wp","href":"https:\/\/api.w.org\/{rel}","templated":true}]}}