{"id":48431,"date":"2019-07-25T12:18:05","date_gmt":"2019-07-25T16:18:05","guid":{"rendered":"https:\/\/linitiative.ca\/International\/la-mauritanie-recule-de-trois-points-dans-le-classement-fifa\/"},"modified":"2019-07-25T12:18:05","modified_gmt":"2019-07-25T16:18:05","slug":"la-mauritanie-recule-de-trois-points-dans-le-classement-fifa","status":"publish","type":"post","link":"https:\/\/linitiative.ca\/International\/la-mauritanie-recule-de-trois-points-dans-le-classement-fifa\/","title":{"rendered":"La Mauritanie recule de trois points dans le classement FIFA"},"content":{"rendered":"<div readability=\"32\">\n<p>Publi\u00e9 le 25.07.2019 \u00e0 17h18 par APA News<\/p>\n<\/div>\n<div readability=\"49\">\n<p>La Mauritanie a occup\u00e9 la 106e place du classement mensuel de la FIFA pour le mois de juillet 2019, rendu public jeudi, perdant ainsi 3 points par rapport au classement de juin.Au niveau du continent africain, le S\u00e9n\u00e9gal a conserv\u00e9 sa premi\u00e8re place et gagn\u00e9 2 points pour occuper la 20e place au niveau mondial avec la Pologne.<\/p>\n<p>De son c\u00f4t\u00e9, l\u2019Alg\u00e9rie a fait un bon de 28 places pour se hisser au 40e rang mondial et 4e au niveau africain, apr\u00e8s son titre lors de la Coupe d\u2019Afrique des Nations en Egypte.<\/p>\n<p>En Europe, la France a perdu sa deuxi\u00e8me place au profit du Br\u00e9sil, vainqueur de la Copa Am\u00e9rica, alors que la Belgique reste en t\u00eate en monopolisant la 1\u00e8re place du classement mondial.<\/p>\n<\/div>\n<p>Auteur: APA News<br \/>\n<a href=\"https:\/\/www.journalducameroun.com\/la-mauritanie-recule-de-trois-points-dans-le-classement-fifa\/\">Cliquez ici pour lire l&rsquo;article depuis sa source.<\/a><\/p>\n","protected":false},"excerpt":{"rendered":"<p>Publi\u00e9 le 25.07.2019 \u00e0 17h18 par APA News La Mauritanie a occup\u00e9 la 106e place du classement mensuel de la FIFA pour le mois de juillet 2019, rendu public jeudi, perdant ainsi 3 points par rapport au classement de juin.Au niveau du continent africain, le S\u00e9n\u00e9gal a conserv\u00e9 sa premi\u00e8re place et gagn\u00e9 2 points [&hellip;]<\/p>\n","protected":false},"author":1965,"featured_media":0,"comment_status":"closed","ping_status":"closed","sticky":false,"template":"","format":"standard","meta":{"fifu_image_url":"","fifu_image_alt":"","footnotes":""},"categories":[73,82],"tags":[],"class_list":["post-48431","post","type-post","status-publish","format-standard","hentry","category-actualite","category-cameroun"],"_links":{"self":[{"href":"https:\/\/linitiative.ca\/International\/wp-json\/wp\/v2\/posts\/48431","targetHints":{"allow":["GET"]}}],"collection":[{"href":"https:\/\/linitiative.ca\/International\/wp-json\/wp\/v2\/posts"}],"about":[{"href":"https:\/\/linitiative.ca\/International\/wp-json\/wp\/v2\/types\/post"}],"author":[{"embeddable":true,"href":"https:\/\/linitiative.ca\/International\/wp-json\/wp\/v2\/users\/1965"}],"replies":[{"embeddable":true,"href":"https:\/\/linitiative.ca\/International\/wp-json\/wp\/v2\/comments?post=48431"}],"version-history":[{"count":0,"href":"https:\/\/linitiative.ca\/International\/wp-json\/wp\/v2\/posts\/48431\/revisions"}],"wp:attachment":[{"href":"https:\/\/linitiative.ca\/International\/wp-json\/wp\/v2\/media?parent=48431"}],"wp:term":[{"taxonomy":"category","embeddable":true,"href":"https:\/\/linitiative.ca\/International\/wp-json\/wp\/v2\/categories?post=48431"},{"taxonomy":"post_tag","embeddable":true,"href":"https:\/\/linitiative.ca\/International\/wp-json\/wp\/v2\/tags?post=48431"}],"curies":[{"name":"wp","href":"https:\/\/api.w.org\/{rel}","templated":true}]}}