{"id":48432,"date":"2019-07-25T10:08:53","date_gmt":"2019-07-25T14:08:53","guid":{"rendered":"https:\/\/linitiative.ca\/International\/francois-hollande-la-tunisie-perd-aujourdhui-un-defenseur-de-la-democratie-et-un-acteur-infatigable-de-la-lutte-contre-le-terrorisme\/"},"modified":"2019-07-25T10:08:53","modified_gmt":"2019-07-25T14:08:53","slug":"francois-hollande-la-tunisie-perd-aujourdhui-un-defenseur-de-la-democratie-et-un-acteur-infatigable-de-la-lutte-contre-le-terrorisme","status":"publish","type":"post","link":"https:\/\/linitiative.ca\/International\/francois-hollande-la-tunisie-perd-aujourdhui-un-defenseur-de-la-democratie-et-un-acteur-infatigable-de-la-lutte-contre-le-terrorisme\/","title":{"rendered":"Fran\u00e7ois Hollande :\u201d la Tunisie perd aujourd\u2019hui un d\u00e9fenseur de la d\u00e9mocratie et un acteur infatigable de la lutte contre le terrorisme\u201d"},"content":{"rendered":"<div class=\"post-cont-in left relative\">\n<div class=\"swp_social_panel swp_horizontal_panel swp_flat_fresh swp_default_full_color swp_individual_full_color swp_other_full_color scale-100 scale-\" data-min-width=\"1100\" data-float-color=\"#ffffff\" data-float=\"none\" data-float-mobile=\"none\" data-transition=\"slide\">\n<div class=\"nc_tweetContainer swp_share_button total_shares total_sharesalt\"><span class=\"swp_count\">130 <span class=\"swp_label\">Partages<\/span><\/span><\/div>\n<\/div>\n<p>L\u2019ancien pr\u00e9sident fran\u00e7ais, Fran\u00e7ois Hollande a pr\u00e9sent\u00e9 ses condol\u00e9ances au peuple tunisien, \u00e0 travers un tweet qu\u2019il a publi\u00e9 suite au d\u00e9c\u00e8s du pr\u00e9sident de la R\u00e9publique, Beji Ca\u00efd Sebsi.<\/p>\n<p>\u201cAvec la disparition du Pr\u00e9sident B\u00e9ji Ca\u00efd Essebsi, la Tunisie perd aujourd\u2019hui un d\u00e9fenseur de la d\u00e9mocratie et un acteur infatigable de la lutte contre le terrorisme. J\u2019adresse mes sinc\u00e8res condol\u00e9ances au peuple tunisien.\u201d lit-on dans le tweet.<\/p>\n<div class=\"code-block code-block-1 c5\"><ins class=\"adsbygoogle c4\" data-ad-layout=\"in-article\" data-ad-format=\"fluid\" data-ad-client=\"ca-pub-2102118777505746\" data-ad-slot=\"7301775417\"\/> <\/div>\n<p><img loading=\"lazy\" decoding=\"async\" class=\"alignnone size-full wp-image-450505\" src=\"https:\/\/www.tunisienumerique.com\/wp-content\/uploads\/2019\/07\/hollande.png\" alt=\"\" width=\"624\" height=\"339\" srcset=\"https:\/\/www.tunisienumerique.com\/wp-content\/uploads\/2019\/07\/hollande.png 624w, https:\/\/www.tunisienumerique.com\/wp-content\/uploads\/2019\/07\/hollande-600x326.png 600w\" sizes=\"auto, (max-width: 624px) 100vw, 624px\"\/><\/p>\n<div class=\"mvp-org-wrap mvp-org-logo\" itemprop=\"publisher\" itemscope=\"\" itemtype=\"https:\/\/schema.org\/Organization\"><img decoding=\"async\" src=\"https:\/\/www.tunisienumerique.com\/wp-content\/uploads\/2017\/02\/logo_tunisie_numerique.png\"\/><\/div>\n<div class=\"swp_social_panel swp_horizontal_panel swp_flat_fresh swp_default_full_color swp_individual_full_color swp_other_full_color scale-100 scale-\" data-min-width=\"1100\" data-float-color=\"#ffffff\" data-float=\"none\" data-float-mobile=\"none\" data-transition=\"slide\">\n<div class=\"nc_tweetContainer swp_share_button total_shares total_sharesalt\"><span class=\"swp_count\">130 <span class=\"swp_label\">Partages<\/span><\/span><\/div>\n<\/div>\n<div class=\"mvp-related-posts left relative\">\n<h4 class=\"post-header\"><span class=\"post-header\">Lire aussi<\/span><\/h4>\n<\/div>\n<\/div>\n<p>Auteur: Laameri Dorsaf<br \/>\n<a href=\"https:\/\/www.tunisienumerique.com\/francois-hollande-la-tunisie-perd-aujourdhui-un-defenseur-de-la-democratie-et-un-acteur-infatigable-de-la-lutte-contre-le-terrorisme\/\">Cliquez ici pour lire l&rsquo;article depuis sa source.<\/a><\/p>\n","protected":false},"excerpt":{"rendered":"<p>130 Partages L\u2019ancien pr\u00e9sident fran\u00e7ais, Fran\u00e7ois Hollande a pr\u00e9sent\u00e9 ses condol\u00e9ances au peuple tunisien, \u00e0 travers un tweet qu\u2019il a publi\u00e9 suite au d\u00e9c\u00e8s du pr\u00e9sident de la R\u00e9publique, Beji Ca\u00efd Sebsi. \u201cAvec la disparition du Pr\u00e9sident B\u00e9ji Ca\u00efd Essebsi, la Tunisie perd aujourd\u2019hui un d\u00e9fenseur de la d\u00e9mocratie et un acteur infatigable de la [&hellip;]<\/p>\n","protected":false},"author":1789,"featured_media":48433,"comment_status":"closed","ping_status":"closed","sticky":false,"template":"","format":"standard","meta":{"fifu_image_url":"","fifu_image_alt":"","footnotes":""},"categories":[73,55],"tags":[],"class_list":["post-48432","post","type-post","status-publish","format-standard","has-post-thumbnail","hentry","category-actualite","category-tunisie"],"_links":{"self":[{"href":"https:\/\/linitiative.ca\/International\/wp-json\/wp\/v2\/posts\/48432","targetHints":{"allow":["GET"]}}],"collection":[{"href":"https:\/\/linitiative.ca\/International\/wp-json\/wp\/v2\/posts"}],"about":[{"href":"https:\/\/linitiative.ca\/International\/wp-json\/wp\/v2\/types\/post"}],"author":[{"embeddable":true,"href":"https:\/\/linitiative.ca\/International\/wp-json\/wp\/v2\/users\/1789"}],"replies":[{"embeddable":true,"href":"https:\/\/linitiative.ca\/International\/wp-json\/wp\/v2\/comments?post=48432"}],"version-history":[{"count":0,"href":"https:\/\/linitiative.ca\/International\/wp-json\/wp\/v2\/posts\/48432\/revisions"}],"wp:featuredmedia":[{"embeddable":true,"href":"https:\/\/linitiative.ca\/International\/wp-json\/"}],"wp:attachment":[{"href":"https:\/\/linitiative.ca\/International\/wp-json\/wp\/v2\/media?parent=48432"}],"wp:term":[{"taxonomy":"category","embeddable":true,"href":"https:\/\/linitiative.ca\/International\/wp-json\/wp\/v2\/categories?post=48432"},{"taxonomy":"post_tag","embeddable":true,"href":"https:\/\/linitiative.ca\/International\/wp-json\/wp\/v2\/tags?post=48432"}],"curies":[{"name":"wp","href":"https:\/\/api.w.org\/{rel}","templated":true}]}}