{"id":48434,"date":"2019-07-25T12:18:07","date_gmt":"2019-07-25T16:18:07","guid":{"rendered":"https:\/\/linitiative.ca\/International\/senegal-hausse-de-150-tonnes-des-abattages-controles-de-viande\/"},"modified":"2019-07-25T12:18:07","modified_gmt":"2019-07-25T16:18:07","slug":"senegal-hausse-de-150-tonnes-des-abattages-controles-de-viande","status":"publish","type":"post","link":"https:\/\/linitiative.ca\/International\/senegal-hausse-de-150-tonnes-des-abattages-controles-de-viande\/","title":{"rendered":"S\u00e9n\u00e9gal : hausse de 150 tonnes des abattages contr\u00f4l\u00e9s de viande"},"content":{"rendered":"<div readability=\"32\">\n<p>Publi\u00e9 le 25.07.2019 \u00e0 17h18 par APA News<\/p>\n<\/div>\n<div readability=\"45\">\n<p>Les abattages contr\u00f4l\u00e9s de viande au S\u00e9n\u00e9gal ont connu une augmentation de 150 tonnes au terme du mois de mai 2019, compar\u00e9 \u00e0 la m\u00eame p\u00e9riode de 2018, selon les donn\u00e9es de la soci\u00e9t\u00e9 de gestion des abattoirs du S\u00e9n\u00e9gal.Ces abattages de viande se sont \u00e9tablis \u00e0 2.292 tonnes durant la p\u00e9riode sous revue, contre 2.142 tonnes au mois de mai 2018, soit une progression de 7% en valeur relative.<\/p>\n<p>Cependant, sur une base mensuelle, ces abattages se sont sold\u00e9s par une baisse de 245 tonnes, passant de 2.537 tonnes au mois d\u2019avril 2019 \u00e0 2.292 tonnes un mois plus tard.<\/p>\n<\/div>\n<p>Auteur: APA News<br \/>\n<a href=\"https:\/\/www.journalducameroun.com\/senegal-hausse-de-150-tonnes-des-abattages-controles-de-viande\/\">Cliquez ici pour lire l&rsquo;article depuis sa source.<\/a><\/p>\n","protected":false},"excerpt":{"rendered":"<p>Publi\u00e9 le 25.07.2019 \u00e0 17h18 par APA News Les abattages contr\u00f4l\u00e9s de viande au S\u00e9n\u00e9gal ont connu une augmentation de 150 tonnes au terme du mois de mai 2019, compar\u00e9 \u00e0 la m\u00eame p\u00e9riode de 2018, selon les donn\u00e9es de la soci\u00e9t\u00e9 de gestion des abattoirs du S\u00e9n\u00e9gal.Ces abattages de viande se sont \u00e9tablis \u00e0 [&hellip;]<\/p>\n","protected":false},"author":1965,"featured_media":0,"comment_status":"closed","ping_status":"closed","sticky":false,"template":"","format":"standard","meta":{"fifu_image_url":"","fifu_image_alt":"","footnotes":""},"categories":[73,82],"tags":[],"class_list":["post-48434","post","type-post","status-publish","format-standard","hentry","category-actualite","category-cameroun"],"_links":{"self":[{"href":"https:\/\/linitiative.ca\/International\/wp-json\/wp\/v2\/posts\/48434","targetHints":{"allow":["GET"]}}],"collection":[{"href":"https:\/\/linitiative.ca\/International\/wp-json\/wp\/v2\/posts"}],"about":[{"href":"https:\/\/linitiative.ca\/International\/wp-json\/wp\/v2\/types\/post"}],"author":[{"embeddable":true,"href":"https:\/\/linitiative.ca\/International\/wp-json\/wp\/v2\/users\/1965"}],"replies":[{"embeddable":true,"href":"https:\/\/linitiative.ca\/International\/wp-json\/wp\/v2\/comments?post=48434"}],"version-history":[{"count":0,"href":"https:\/\/linitiative.ca\/International\/wp-json\/wp\/v2\/posts\/48434\/revisions"}],"wp:attachment":[{"href":"https:\/\/linitiative.ca\/International\/wp-json\/wp\/v2\/media?parent=48434"}],"wp:term":[{"taxonomy":"category","embeddable":true,"href":"https:\/\/linitiative.ca\/International\/wp-json\/wp\/v2\/categories?post=48434"},{"taxonomy":"post_tag","embeddable":true,"href":"https:\/\/linitiative.ca\/International\/wp-json\/wp\/v2\/tags?post=48434"}],"curies":[{"name":"wp","href":"https:\/\/api.w.org\/{rel}","templated":true}]}}