{"id":48438,"date":"2019-07-25T12:50:01","date_gmt":"2019-07-25T16:50:01","guid":{"rendered":"https:\/\/linitiative.ca\/International\/mohamed-ennaceur-un-cacique-de-la-politique-president-par-interim-de-la-tunisie\/"},"modified":"2019-07-25T12:50:01","modified_gmt":"2019-07-25T16:50:01","slug":"mohamed-ennaceur-un-cacique-de-la-politique-president-par-interim-de-la-tunisie","status":"publish","type":"post","link":"https:\/\/linitiative.ca\/International\/mohamed-ennaceur-un-cacique-de-la-politique-president-par-interim-de-la-tunisie\/","title":{"rendered":"Mohamed Ennaceur, un cacique de la politique pr\u00e9sident par int\u00e9rim de la Tunisie"},"content":{"rendered":"<div readability=\"32\">\n<p>Publi\u00e9 le 25.07.2019 \u00e0 17h50 par AFP<\/p>\n<\/div>\n<div readability=\"113\">\n<p>Le pr\u00e9sident tunisien par int\u00e9rim , Mohamed Ennaceur incarne \u00e0 85 ans la continuit\u00e9 du chef de l\u2019Etat d\u00e9c\u00e9d\u00e9 Beji Ca\u00efd Essebsi dont il \u00e9tait proche.<\/p>\n<p>Ce sp\u00e9cialiste en droit social exercera le pouvoir durant 45 \u00e0 90 jours, jusqu\u2019\u00e0 une pr\u00e9sidentielle anticip\u00e9e.<\/p>\n<p>Mohamed Ennaceur avait \u00e9t\u00e9 victime d\u2019un malaise \u00e0 la fin du mois de juin, ce qui avait soulev\u00e9 des inqui\u00e9tudes sur sa capacit\u00e9 \u00e0 remplacer le pr\u00e9sident Essebsi en cas de vacance du pouvoir.<\/p>\n<p>Elu pr\u00e9sident du premier Parlement tunisien postr\u00e9volutionnaire en d\u00e9cembre 2014, trois ans apr\u00e8s la r\u00e9volution qui mit fin \u00e0 la dictature, Mohamed Ennaceur a commenc\u00e9 sa carri\u00e8re sous le p\u00e8re de l\u2019ind\u00e9pendance Habib Bourguiba, tout comme B\u00e9ji Ca\u00efd Essebsi.<\/p>\n<p>Docteur en droit social form\u00e9 \u00e0 la Sorbonne \u00e0 Paris, il sera ministre des Affaires sociales \u00e0 deux reprises sous Bourguiba, dans les ann\u00e9es 1970 et 1980.<\/p>\n<p>Apr\u00e8s la prise de pouvoir de Zine El Abidine Ben Ali, qui renversa Bourguiba en 1987, Mohamed Ennaceur quitte le devant de la sc\u00e8ne politique. Il devient n\u00e9anmoins le repr\u00e9sentant de la Tunisie aupr\u00e8s des institutions des Nations unies \u00e0 Gen\u00e8ve.<\/p>\n<p>Fondateur d\u2019une revue et d\u2019une association consacr\u00e9es au droit social, il revient au gouvernement comme ministre des Affaires sociales \u00e0 la faveur de la r\u00e9volution de janvier 2011, dans l\u2019\u00e9quipe de M. Essebsi, alors Premier ministre.<\/p>\n<p>\u2013 Homme de consensus \u2013<\/p>\n<p>En f\u00e9vrier 2014, il rejoint la formation anti-islamiste Nidaa Toun\u00e8s de M. Ca\u00efd Essebsi, et il est \u00e9lu \u00e0 l\u2019Assembl\u00e9e des repr\u00e9sentants du peuple, le nouveau Parlement, lors d\u2019un scrutin remport\u00e9 en octobre par son parti.<\/p>\n<p>Il est un des principaux repr\u00e9sentants des h\u00e9ritiers de Bourguiba dans Nidaa Toun\u00e8s, parti h\u00e9t\u00e9roclite regroupant aussi bien des figures de gauche que des repr\u00e9sentants du centre droit et d\u2019anciens responsables du r\u00e9gime d\u00e9chu de Ben Ali.<\/p>\n<p>En pleine crise politique en janvier 2014, M. Ca\u00efd Essebsi avait tent\u00e9 sans succ\u00e8s d\u2019imposer Mohamed Ennaceur \u00e0 la t\u00eate d\u2019un gouvernement d\u2019ind\u00e9pendants pour conduire le pays aux \u00e9lections de cette fin d\u2019ann\u00e9e.<\/p>\n<p>Le parti d\u2019inspiration islamiste Ennahdha avait bloqu\u00e9 cette nomination, jugeant M. Ennaceur trop proche de Nidaa Toun\u00e8s.<\/p>\n<p>Durant son temps \u00e0 l\u2019Assembl\u00e9e, il a souvent cherch\u00e9 le consensus autour des d\u00e9cisions \u00e0 prendre.<\/p>\n<p>\u00ab\u00a0Le plus important pour cette p\u00e9riode de transition est la continuit\u00e9, il saura assurer cette continuit\u00e9 et respectera la Constitution\u00a0\u00bb, a estim\u00e9 \u00e0 l\u2019AFP la d\u00e9put\u00e9 Bochra Ben Hmida, ancienne de Nidaa Toun\u00e8s.<\/p>\n<p>\u00ab\u00a0C\u2019est un homme qui ne s\u2019emporte pas facilement\u00a0\u00bb, a rench\u00e9ri un autre d\u00e9put\u00e9, l\u2019ex-blogueur Yassine Ayari (ind\u00e9pendant).<\/p>\n<p>M. Ennaceur est \u00e9galement le fondateur du festival d\u2019El Jem, sa ville natale sur la c\u00f4te est, qui accueille tous les ans des concerts d\u2019artistes renomm\u00e9s dans un amphith\u00e9\u00e2tre datant de l\u2019\u00e9poque romaine antique.<\/p>\n<\/div>\n<p>Auteur: AFP<br \/>\n<a href=\"https:\/\/www.journalducameroun.com\/mohamed-ennaceur-un-cacique-de-la-politique-president-par-interim-de-la-tunisie\/\">Cliquez ici pour lire l&rsquo;article depuis sa source.<\/a><\/p>\n","protected":false},"excerpt":{"rendered":"<p>Publi\u00e9 le 25.07.2019 \u00e0 17h50 par AFP Le pr\u00e9sident tunisien par int\u00e9rim , Mohamed Ennaceur incarne \u00e0 85 ans la continuit\u00e9 du chef de l\u2019Etat d\u00e9c\u00e9d\u00e9 Beji Ca\u00efd Essebsi dont il \u00e9tait proche. Ce sp\u00e9cialiste en droit social exercera le pouvoir durant 45 \u00e0 90 jours, jusqu\u2019\u00e0 une pr\u00e9sidentielle anticip\u00e9e. Mohamed Ennaceur avait \u00e9t\u00e9 victime [&hellip;]<\/p>\n","protected":false},"author":1965,"featured_media":0,"comment_status":"closed","ping_status":"closed","sticky":false,"template":"","format":"standard","meta":{"fifu_image_url":"","fifu_image_alt":"","footnotes":""},"categories":[73,82],"tags":[],"class_list":["post-48438","post","type-post","status-publish","format-standard","hentry","category-actualite","category-cameroun"],"_links":{"self":[{"href":"https:\/\/linitiative.ca\/International\/wp-json\/wp\/v2\/posts\/48438","targetHints":{"allow":["GET"]}}],"collection":[{"href":"https:\/\/linitiative.ca\/International\/wp-json\/wp\/v2\/posts"}],"about":[{"href":"https:\/\/linitiative.ca\/International\/wp-json\/wp\/v2\/types\/post"}],"author":[{"embeddable":true,"href":"https:\/\/linitiative.ca\/International\/wp-json\/wp\/v2\/users\/1965"}],"replies":[{"embeddable":true,"href":"https:\/\/linitiative.ca\/International\/wp-json\/wp\/v2\/comments?post=48438"}],"version-history":[{"count":0,"href":"https:\/\/linitiative.ca\/International\/wp-json\/wp\/v2\/posts\/48438\/revisions"}],"wp:attachment":[{"href":"https:\/\/linitiative.ca\/International\/wp-json\/wp\/v2\/media?parent=48438"}],"wp:term":[{"taxonomy":"category","embeddable":true,"href":"https:\/\/linitiative.ca\/International\/wp-json\/wp\/v2\/categories?post=48438"},{"taxonomy":"post_tag","embeddable":true,"href":"https:\/\/linitiative.ca\/International\/wp-json\/wp\/v2\/tags?post=48438"}],"curies":[{"name":"wp","href":"https:\/\/api.w.org\/{rel}","templated":true}]}}