{"id":48439,"date":"2019-07-25T10:36:40","date_gmt":"2019-07-25T14:36:40","guid":{"rendered":"https:\/\/linitiative.ca\/International\/tunisie-nabil-baffoun-les-elections-presidentielles-seront-avancees\/"},"modified":"2019-07-25T10:36:40","modified_gmt":"2019-07-25T14:36:40","slug":"tunisie-nabil-baffoun-les-elections-presidentielles-seront-avancees","status":"publish","type":"post","link":"https:\/\/linitiative.ca\/International\/tunisie-nabil-baffoun-les-elections-presidentielles-seront-avancees\/","title":{"rendered":"Tunisie \u2013 \u00a0Nabil Baffoun\u00a0: Les \u00e9lections pr\u00e9sidentielles seront avanc\u00e9es"},"content":{"rendered":"<div class=\"post-cont-in left relative\">\n<div class=\"swp_social_panel swp_horizontal_panel swp_flat_fresh swp_default_full_color swp_individual_full_color swp_other_full_color scale-100 scale-\" data-min-width=\"1100\" data-float-color=\"#ffffff\" data-float=\"none\" data-float-mobile=\"none\" data-transition=\"slide\">\n<div class=\"nc_tweetContainer swp_share_button total_shares total_sharesalt\"><span class=\"swp_count\">36 <span class=\"swp_label\">Partages<\/span><\/span><\/div>\n<\/div>\n<p>La pr\u00e9sident de l\u2019ISIE, Nabil Baffoun a annonc\u00e9, ce jeudi 25 juillet, que l\u2019ISIE sera oblig\u00e9e d\u2019avancer la date des \u00e9lections et de modifier le calendrier \u00e9lectoral. Et ce, suite au d\u00e9c\u00e8s du chef de l\u2019Etat, B\u00e9ji Ca\u00efed Essebsi, conform\u00e9ment aux dispositions de la Constitution relative au cas de vacance\u00a0de la Pr\u00e9sidence.<\/p>\n<p>Baffoun a ajout\u00e9 que selon les dispositions de Constitution, les \u00e9lections Pr\u00e9sidentielles doivent se tenir dans un d\u00e9lai de 90 jours.<\/p>\n<div class=\"code-block code-block-1 c5\"><ins class=\"adsbygoogle c4\" data-ad-layout=\"in-article\" data-ad-format=\"fluid\" data-ad-client=\"ca-pub-2102118777505746\" data-ad-slot=\"7301775417\"\/> <\/div>\n<p>Le pr\u00e9sident de l\u2019ISIE a annonc\u00e9 que l\u2019instance se r\u00e9unira, ult\u00e9rieurement, pour se prononcer\u00a0\u00e0 ce sujet.<\/p>\n<div class=\"mvp-org-wrap mvp-org-logo\" itemprop=\"publisher\" itemscope=\"\" itemtype=\"https:\/\/schema.org\/Organization\"><img decoding=\"async\" src=\"https:\/\/www.tunisienumerique.com\/wp-content\/uploads\/2017\/02\/logo_tunisie_numerique.png\"\/><\/div>\n<div class=\"swp_social_panel swp_horizontal_panel swp_flat_fresh swp_default_full_color swp_individual_full_color swp_other_full_color scale-100 scale-\" data-min-width=\"1100\" data-float-color=\"#ffffff\" data-float=\"none\" data-float-mobile=\"none\" data-transition=\"slide\">\n<div class=\"nc_tweetContainer swp_share_button total_shares total_sharesalt\"><span class=\"swp_count\">36 <span class=\"swp_label\">Partages<\/span><\/span><\/div>\n<\/div>\n<div class=\"mvp-related-posts left relative\">\n<h4 class=\"post-header\"><span class=\"post-header\">Lire aussi<\/span><\/h4>\n<\/div>\n<\/div>\n<p>Auteur: LM<br \/>\n<a href=\"https:\/\/www.tunisienumerique.com\/tunisie-nabil-baffoun-les-elections-presidentielles-seront-avancees\/\">Cliquez ici pour lire l&rsquo;article depuis sa source.<\/a><\/p>\n","protected":false},"excerpt":{"rendered":"<p>36 Partages La pr\u00e9sident de l\u2019ISIE, Nabil Baffoun a annonc\u00e9, ce jeudi 25 juillet, que l\u2019ISIE sera oblig\u00e9e d\u2019avancer la date des \u00e9lections et de modifier le calendrier \u00e9lectoral. Et ce, suite au d\u00e9c\u00e8s du chef de l\u2019Etat, B\u00e9ji Ca\u00efed Essebsi, conform\u00e9ment aux dispositions de la Constitution relative au cas de vacance\u00a0de la Pr\u00e9sidence. Baffoun [&hellip;]<\/p>\n","protected":false},"author":1789,"featured_media":48441,"comment_status":"closed","ping_status":"closed","sticky":false,"template":"","format":"standard","meta":{"fifu_image_url":"","fifu_image_alt":"","footnotes":""},"categories":[73,55],"tags":[],"class_list":["post-48439","post","type-post","status-publish","format-standard","has-post-thumbnail","hentry","category-actualite","category-tunisie"],"_links":{"self":[{"href":"https:\/\/linitiative.ca\/International\/wp-json\/wp\/v2\/posts\/48439","targetHints":{"allow":["GET"]}}],"collection":[{"href":"https:\/\/linitiative.ca\/International\/wp-json\/wp\/v2\/posts"}],"about":[{"href":"https:\/\/linitiative.ca\/International\/wp-json\/wp\/v2\/types\/post"}],"author":[{"embeddable":true,"href":"https:\/\/linitiative.ca\/International\/wp-json\/wp\/v2\/users\/1789"}],"replies":[{"embeddable":true,"href":"https:\/\/linitiative.ca\/International\/wp-json\/wp\/v2\/comments?post=48439"}],"version-history":[{"count":0,"href":"https:\/\/linitiative.ca\/International\/wp-json\/wp\/v2\/posts\/48439\/revisions"}],"wp:featuredmedia":[{"embeddable":true,"href":"https:\/\/linitiative.ca\/International\/wp-json\/"}],"wp:attachment":[{"href":"https:\/\/linitiative.ca\/International\/wp-json\/wp\/v2\/media?parent=48439"}],"wp:term":[{"taxonomy":"category","embeddable":true,"href":"https:\/\/linitiative.ca\/International\/wp-json\/wp\/v2\/categories?post=48439"},{"taxonomy":"post_tag","embeddable":true,"href":"https:\/\/linitiative.ca\/International\/wp-json\/wp\/v2\/tags?post=48439"}],"curies":[{"name":"wp","href":"https:\/\/api.w.org\/{rel}","templated":true}]}}