{"id":48444,"date":"2019-07-25T11:26:42","date_gmt":"2019-07-25T15:26:42","guid":{"rendered":"https:\/\/linitiative.ca\/International\/classement-fifa-la-tunisie-perd-4-places-mais-grade-sa-deuxieme-continentale\/"},"modified":"2019-07-25T11:26:42","modified_gmt":"2019-07-25T15:26:42","slug":"classement-fifa-la-tunisie-perd-4-places-mais-grade-sa-deuxieme-continentale","status":"publish","type":"post","link":"https:\/\/linitiative.ca\/International\/classement-fifa-la-tunisie-perd-4-places-mais-grade-sa-deuxieme-continentale\/","title":{"rendered":"Classement FIFA : La Tunisie perd 4 places mais grade sa deuxi\u00e8me continentale"},"content":{"rendered":"<div class=\"nc_socialPanel swp_flatFresh swp_d_fullColor swp_i_fullColor swp_o_fullColor scale-100 scale-fullWidth\" data-position=\"none\" data-float=\"floatNone\" data-count=\"5\" data-floatcolor=\"#ffffff\" data-emphasize=\"0\">\n<div class=\"nc_tweetContainer totes totesalt\" data-id=\"6\"><span class=\"swp_count\"><span class=\"swp_label\">Partages<\/span> 0<\/span><\/div>\n<\/div>\n<p>La s\u00e9lection tunisienne de football a perdu aujourd\u2019hui quatre places au classement FIFA du mois de juillet.<\/p>\n<p dir=\"ltr\">La Tunisie est parvenue toutefois \u00e0 sauver sa deuxi\u00e8me place sur le plan continental derri\u00e8re le S\u00e9n\u00e9gal (20\u00e8me, +2) pour occuper le 29\u00e8me rang mondial.<\/p>\n<div class=\"code-block code-block-1 c4\"><ins class=\"adsbygoogle c3\" data-ad-layout=\"in-article\" data-ad-format=\"fluid\" data-ad-client=\"ca-pub-2102118777505746\" data-ad-slot=\"7301775417\"\/> <\/div>\n<p dir=\"ltr\">L\u2019Alg\u00e9rie, vainqueur de la Coupe d\u2019Afrique des Nations 2019, a r\u00e9alis\u00e9 un vrai bond de 28 places (40\u00e8me) pour se positionner au pied du podium africain derri\u00e8re le Nigeria (33\u00e8me).<\/p>\n<p dir=\"ltr\">Le top cinq africain est compl\u00e9t\u00e9 par le Maroc qui a gagn\u00e9 six places (41\u00e8me).<\/p>\n<p dir=\"ltr\">Sur les sept premi\u00e8res s\u00e9lections africaines de ce mois de juillet, seule la s\u00e9lection tunisienne a perdu des places.<\/p>\n<p dir=\"ltr\">Au classement mondial, la Belgique occupe toujours la premi\u00e8re position au classement FIFA, devant le Br\u00e9sil et la France.<\/p>\n<div class=\"mvp-org-wrap mvp-org-logo\" itemprop=\"publisher\" itemscope=\"\" itemtype=\"https:\/\/schema.org\/Organization\"><img decoding=\"async\" src=\"https:\/\/sport.tunisienumerique.com\/wp-content\/uploads\/2017\/05\/logo_tunisie_numerique.png\"\/><\/div>\n<div class=\"nc_socialPanel swp_flatFresh swp_d_fullColor swp_i_fullColor swp_o_fullColor scale-100 scale-fullWidth\" data-position=\"none\" data-float=\"floatNone\" data-count=\"5\" data-floatcolor=\"#ffffff\" data-emphasize=\"0\">\n<div class=\"nc_tweetContainer totes totesalt\" data-id=\"6\"><span class=\"swp_count\"><span class=\"swp_label\">Partages<\/span> 0<\/span><\/div>\n<\/div>\n<div class=\"mvp-related-posts left relative\">\n<h4 class=\"post-header\"><span class=\"post-header\">Lire aussi<\/span><\/h4>\n<\/div>\n<p>Auteur:<br \/>\n<a href=\"https:\/\/sport.tunisienumerique.com\/classement-fifa-tunisie-perd-4-places-grade-deuxieme-continentale\/\">Cliquez ici pour lire l&rsquo;article depuis sa source.<\/a><\/p>\n","protected":false},"excerpt":{"rendered":"<p>Partages 0 La s\u00e9lection tunisienne de football a perdu aujourd\u2019hui quatre places au classement FIFA du mois de juillet. La Tunisie est parvenue toutefois \u00e0 sauver sa deuxi\u00e8me place sur le plan continental derri\u00e8re le S\u00e9n\u00e9gal (20\u00e8me, +2) pour occuper le 29\u00e8me rang mondial. L\u2019Alg\u00e9rie, vainqueur de la Coupe d\u2019Afrique des Nations 2019, a r\u00e9alis\u00e9 [&hellip;]<\/p>\n","protected":false},"author":1789,"featured_media":48447,"comment_status":"closed","ping_status":"closed","sticky":false,"template":"","format":"standard","meta":{"fifu_image_url":"","fifu_image_alt":"","footnotes":""},"categories":[73,55],"tags":[],"class_list":["post-48444","post","type-post","status-publish","format-standard","has-post-thumbnail","hentry","category-actualite","category-tunisie"],"_links":{"self":[{"href":"https:\/\/linitiative.ca\/International\/wp-json\/wp\/v2\/posts\/48444","targetHints":{"allow":["GET"]}}],"collection":[{"href":"https:\/\/linitiative.ca\/International\/wp-json\/wp\/v2\/posts"}],"about":[{"href":"https:\/\/linitiative.ca\/International\/wp-json\/wp\/v2\/types\/post"}],"author":[{"embeddable":true,"href":"https:\/\/linitiative.ca\/International\/wp-json\/wp\/v2\/users\/1789"}],"replies":[{"embeddable":true,"href":"https:\/\/linitiative.ca\/International\/wp-json\/wp\/v2\/comments?post=48444"}],"version-history":[{"count":0,"href":"https:\/\/linitiative.ca\/International\/wp-json\/wp\/v2\/posts\/48444\/revisions"}],"wp:featuredmedia":[{"embeddable":true,"href":"https:\/\/linitiative.ca\/International\/wp-json\/"}],"wp:attachment":[{"href":"https:\/\/linitiative.ca\/International\/wp-json\/wp\/v2\/media?parent=48444"}],"wp:term":[{"taxonomy":"category","embeddable":true,"href":"https:\/\/linitiative.ca\/International\/wp-json\/wp\/v2\/categories?post=48444"},{"taxonomy":"post_tag","embeddable":true,"href":"https:\/\/linitiative.ca\/International\/wp-json\/wp\/v2\/tags?post=48444"}],"curies":[{"name":"wp","href":"https:\/\/api.w.org\/{rel}","templated":true}]}}