{"id":48445,"date":"2019-07-25T09:49:00","date_gmt":"2019-07-25T13:49:00","guid":{"rendered":"https:\/\/linitiative.ca\/International\/abdelaziz-kacem-jaimais-en-beji-caid-essebsi-sa-culture-son-raffinement\/"},"modified":"2019-07-25T09:49:00","modified_gmt":"2019-07-25T13:49:00","slug":"abdelaziz-kacem-jaimais-en-beji-caid-essebsi-sa-culture-son-raffinement","status":"publish","type":"post","link":"https:\/\/linitiative.ca\/International\/abdelaziz-kacem-jaimais-en-beji-caid-essebsi-sa-culture-son-raffinement\/","title":{"rendered":"Abdelaziz Kacem :  J\u2019aimais en B\u00e9ji Ca\u00efd Essebsi, sa culture, son raffinement"},"content":{"rendered":"<p>Le Pr\u00e9sident Ca\u00efd Essebsi est d\u00e9c\u00e9d\u00e9. J\u2019en suis litt\u00e9ralement affect\u00e9. J\u2019eusse aim\u00e9 \u00e9couter son discours pr\u00e9vu pour ce jour, soixante-deuxi\u00e8me anniversaire de la R\u00e9publique. Il nous devait bien des explications, bien des r\u00e9v\u00e9lations. Pour autant, avons-nous le droit d\u2019emprunter, en toute solennit\u00e9,\u00a0 la formule monarchique consacr\u00e9e et quelque peu r\u00e9ajust\u00e9e\u00a0: Le pr\u00e9sident est mort, vive la R\u00e9publique\u00a0! L\u2019institution est si viruss\u00e9e qu\u2019elle demande \u00e0 \u00eatre format\u00e9e.<\/p>\n<p>Le Pr\u00e9sident est mort, mais je d\u00e9conseille \u00e0 ses adversaires de trop pavoiser. Il se pourrait que le vieux mage leur ait laiss\u00e9, quelque part, une mauvaise surprise.<\/p>\n<p>Comme \u00e0 peu pr\u00e8s deux millions de citoyens et citoyennes, parmi les plus lucides, J\u2019ai vot\u00e9 pour lui. Son challenger de l\u2019\u00e9poque, e\u00fbt-il \u00e9t\u00e9 \u00e0 sa mesure, j\u2019aurais vot\u00e9 r\u00e9solument pour BCE. Il \u00e9tait \u00e9minemment cultiv\u00e9 et, contrairement \u00e0 plus d\u2019un, il connaissait ses \u00ab\u00a0Moallaq\u00e2t\u00a0\u00bb. J\u2019y reviendrai.<\/p>\n<p>Il n\u2019\u00e9tait pas sans savoir que ses nombreux \u00e9lecteurs se disaient d\u00e9\u00e7us. Pas moi. Ou plut\u00f4t, moi aussi, mais pas pour les m\u00eames raisons. On lui reproche les promesses non tenues, mais surtout sa \u00ab\u00a0compromission\u00a0\u00bb avec Nahdha. Moi, qui sais que la politique est l\u2019art du possible, je ne lui tenais pas grief de ce malencontreux et in\u00e9vitable compromis. Mais le Cheikh, c\u2019est l\u00e0 son moindre d\u00e9faut, l\u2019a ignominieusement trahi. L\u2019illustre victime aurait d\u00fb le pr\u00e9voir et agir en cons\u00e9quence.<\/p>\n<p>Pour autant, cela fait longtemps que je suis d\u00e9mang\u00e9 par une s\u00e9rie d\u2019interrogations. Je ne comprends pas comment le grand parti prometteur qu\u2019il a su cr\u00e9er, \u00e0 partir de rien, ou presque, s\u2019est litt\u00e9ralement disloqu\u00e9. Il en \u00e9tait le g\u00e9niteur, tout autant que celui de sa propre prog\u00e9niture. Il semble avoir pr\u00e9f\u00e9r\u00e9 les liens du sang \u00e0 ceux du sens. Avec son aura et son exp\u00e9rience de n\u00e9gociateur chevronn\u00e9, il aurait pu emp\u00eacher son effritement. Des cadres de haute valeur ont \u00e9t\u00e9 accul\u00e9s au d\u00e9part. Un chef de gouvernement qu\u2019il s\u2019\u00e9tait lui-m\u00eame choisi s\u2019est d\u00e9tach\u00e9. Il ne lui \u00e9tait pas impossible d\u2019emp\u00eacher sa d\u00e9saffection. Plus largement, je connais nombre de ses amis, qui, se sentant n\u00e9glig\u00e9s, se sont, non sans chagrin, sur la pointe des pieds, \u00e9loign\u00e9s de lui.<\/p>\n<p>J\u2019aimais en BCE, sa culture, son raffinement. Peu avant son accession \u00e0 la magistrature supr\u00eame, je discutais avec lui de ses po\u00e8tes pr\u00e9f\u00e9r\u00e9s, al-Ma\u2019arr\u00ee et al-Mutanabbi. Je ne l\u2019ai plus revu, mais que de fois ai-je \u00e9t\u00e9 d\u00e9mang\u00e9 par le d\u00e9sir de lui envoyer un vers-m\u00e9daille du grand Abu al-Tayyib. Quittant Sayf al-Dawla, il lui adresse, dans un po\u00e8me c\u00e9l\u00e8bre, ce vers d\u2019une exceptionnelle subtilit\u00e9\u00a0:<\/p>\n<p class=\"c3\"><span class=\"c2\"><strong>\u0625\u0630\u0627 \u062a\u0631\u064e\u062d\u0651\u064e\u0644\u0652\u062a\u064e \u0639\u0646\u0652 \u0642\u0648\u0652\u0645\u064d \u0648\u0642\u062f\u0652 \u0642\u064e\u062f\u064e\u0631\u064f\u0648\u0627\u00a0\u00a0\u00a0\u00a0 \u0623\u0644\u0627\u0651 \u062a\u064f\u0641\u064e\u0627\u0631\u0650\u0642\u064e\u0647\u064f\u0645\u0652 \u0641\u0627\u0644\u0631\u0651\u0627\u062d\u0650\u0644\u0648\u0646\u064e \u0647\u064f\u0645\u064f<\/strong><\/span><\/p>\n<p class=\"c3\">Traduisons\u00a0:<br \/><span class=\"c2\"><strong>Si des gens ne font rien pour bloquer ton d\u00e9part<br \/>Ce sont eux qui s\u2019en vont ce n\u2019est pas toi qui pars<\/strong><\/span><\/p>\n<p>Il m\u2019aurait compris. Et justement, parce qu\u2019il avait le privil\u00e8ge d\u2019\u00eatre un lettr\u00e9, il aurait pu et d\u00fb rassembler autour de lui la majorit\u00e9 des hommes et des femmes de culture, en faire son barom\u00e8tre et, peut-\u00eatre, sa boussole. Le parlementarisme islamiste a largement r\u00e9duit les pr\u00e9rogatives pr\u00e9sidentielles. Avec ce soft power qu\u2019est la culture, il aurait compens\u00e9 ce manque.<\/p>\n<p>Et le bilan, \u00e0 la fin des fins\u00a0? Avec un staff plus \u00e9toff\u00e9, il pouvait faire mieux. Toujours est-il que, seul, lui e\u00fbt le courage de cr\u00e9er la COLIBE, soulevant ainsi de gros espoirs et m\u00eame si cela n\u2019a pas abouti, en raison des blocages que l\u2019on sait, il n\u2019en demeure pas moins que le processus est enclench\u00e9. Le mur de la misogynie obscurantiste est fissur\u00e9. Gr\u00e2ce \u00e0 BCE, malgr\u00e9 bien des obstacles, l\u2019enqu\u00eate sur les assassinats de Chokri Bela\u00efd et de Mohamed Brahmi a fait de grands pas.<\/p>\n<p>Pour ma part, et quelles qu\u2019aient pu \u00eatre les erreurs ou les carences du\u00a0 vieux lion,\u00a0 je garderai, pour longtemps encore, l\u2019\u00e9c\u0153urement d\u2019avoir vu tant de minus lui d\u00e9cocher le coup de pied de l\u2019\u00e2ne.<\/p>\n<p><strong>A.K<\/strong><\/p>\n<p><strong>Lire aussi<\/strong><\/p>\n<p><a href=\"https:\/\/www.leaders.com.tn\/article\/27572-exclusif-caid-essebsi-je-sais-que-je-suis-sur-le-depart-je-n-ai-pas-l-excuse-de-l-ignorance\" target=\"_blank\" rel=\"noopener noreferrer\">Exclusif &#8211; Ca\u00efd Essebsi : \u00ab Je sais que je suis sur le d\u00e9part, je n\u2019ai pas l\u2019excuse de l\u2019ignorance ! \u00bb<\/a><br \/><a href=\"https:\/\/www.leaders.com.tn\/article\/27571-mohamed-ennaceur\" target=\"_blank\" rel=\"noopener noreferrer\">Mohamed Ennaceur assurera l\u2019int\u00e9rim de Pr\u00e9sident de la R\u00e9publique<\/a><\/p>\n<p><a href=\"https:\/\/www.leaders.com.tn\/article\/27573-document-l-hommage-de-la-sorbonne-a-beji-caid-essebsi\" target=\"_blank\" rel=\"noopener noreferrer\">Document : L\u2019hommage de la Sorbonne \u00e0 B\u00e9ji Ca\u00efd Essebsi (Photos et vid\u00e9o)<\/a><\/p>\n<p><a href=\"https:\/\/www.leaders.com.tn\/article\/27570-le-president-beji-caid-essebsi-est-decede-la-tunisie-perd-un-grand-leader\" target=\"_blank\" rel=\"noopener noreferrer\">Le pr\u00e9sident B\u00e9ji Ca\u00efd Essebsi est d\u00e9c\u00e9d\u00e9 : La Tunisie perd un grand leader<\/a><\/p>\n<p><a href=\"https:\/\/www.leaders.com.tn\/article\/27574-beli-caid-essebsi-le-pere-de-la-democratie-tunisienne\" target=\"_blank\" rel=\"noopener noreferrer\">B\u00e9ji Ca\u00efd Essebsi, le p\u00e8re de la d\u00e9mocratie tunisienne<\/a><\/p>\n<p><a href=\"https:\/\/www.leaders.com.tn\/article\/27577-la-diplomatie-tunisienne-en-deuil-hommage-a-caid-essebsi-et-report-de-la-conference-des-ambassadeurs\" target=\"_blank\" rel=\"noopener noreferrer\">La diplomatie tunisienne en deuil : Hommage \u00e0 Ca\u00efd Essebsi et report de la conf\u00e9rence des ambassadeurs<\/a><\/p>\n<p>Auteur:<br \/>\n<a href=\"https:\/\/www.leaders.com.tn\/article\/27575-abdelaziz-kacem-j-aimais-en-beji-caid-essebsi-sa-culture-son-raffinement\">Cliquez ici pour lire l&rsquo;article depuis sa source.<\/a><\/p>\n","protected":false},"excerpt":{"rendered":"<p>Le Pr\u00e9sident Ca\u00efd Essebsi est d\u00e9c\u00e9d\u00e9. J\u2019en suis litt\u00e9ralement affect\u00e9. J\u2019eusse aim\u00e9 \u00e9couter son discours pr\u00e9vu pour ce jour, soixante-deuxi\u00e8me anniversaire de la R\u00e9publique. Il nous devait bien des explications, bien des r\u00e9v\u00e9lations. Pour autant, avons-nous le droit d\u2019emprunter, en toute solennit\u00e9,\u00a0 la formule monarchique consacr\u00e9e et quelque peu r\u00e9ajust\u00e9e\u00a0: Le pr\u00e9sident est mort, vive [&hellip;]<\/p>\n","protected":false},"author":1772,"featured_media":0,"comment_status":"closed","ping_status":"closed","sticky":false,"template":"","format":"standard","meta":{"fifu_image_url":"","fifu_image_alt":"","footnotes":""},"categories":[73,55],"tags":[],"class_list":["post-48445","post","type-post","status-publish","format-standard","hentry","category-actualite","category-tunisie"],"_links":{"self":[{"href":"https:\/\/linitiative.ca\/International\/wp-json\/wp\/v2\/posts\/48445","targetHints":{"allow":["GET"]}}],"collection":[{"href":"https:\/\/linitiative.ca\/International\/wp-json\/wp\/v2\/posts"}],"about":[{"href":"https:\/\/linitiative.ca\/International\/wp-json\/wp\/v2\/types\/post"}],"author":[{"embeddable":true,"href":"https:\/\/linitiative.ca\/International\/wp-json\/wp\/v2\/users\/1772"}],"replies":[{"embeddable":true,"href":"https:\/\/linitiative.ca\/International\/wp-json\/wp\/v2\/comments?post=48445"}],"version-history":[{"count":0,"href":"https:\/\/linitiative.ca\/International\/wp-json\/wp\/v2\/posts\/48445\/revisions"}],"wp:attachment":[{"href":"https:\/\/linitiative.ca\/International\/wp-json\/wp\/v2\/media?parent=48445"}],"wp:term":[{"taxonomy":"category","embeddable":true,"href":"https:\/\/linitiative.ca\/International\/wp-json\/wp\/v2\/categories?post=48445"},{"taxonomy":"post_tag","embeddable":true,"href":"https:\/\/linitiative.ca\/International\/wp-json\/wp\/v2\/tags?post=48445"}],"curies":[{"name":"wp","href":"https:\/\/api.w.org\/{rel}","templated":true}]}}