{"id":48449,"date":"2019-07-25T12:25:29","date_gmt":"2019-07-25T16:25:29","guid":{"rendered":"https:\/\/linitiative.ca\/International\/tunisie-video-mohamed-ennaceur-prete-sermon-en-tant-que-president-de-la-republique-par-interim\/"},"modified":"2019-07-25T12:25:29","modified_gmt":"2019-07-25T16:25:29","slug":"tunisie-video-mohamed-ennaceur-prete-sermon-en-tant-que-president-de-la-republique-par-interim","status":"publish","type":"post","link":"https:\/\/linitiative.ca\/International\/tunisie-video-mohamed-ennaceur-prete-sermon-en-tant-que-president-de-la-republique-par-interim\/","title":{"rendered":"Tunisie \u2013 \u00a0VIDEO\u00a0: Mohamed Ennaceur pr\u00eate sermon en tant que pr\u00e9sident de la R\u00e9publique par int\u00e9rim"},"content":{"rendered":"<div class=\"post-cont-in left relative\">\n<div class=\"swp_social_panel swp_horizontal_panel swp_flat_fresh swp_default_full_color swp_individual_full_color swp_other_full_color scale-100 scale-\" data-min-width=\"1100\" data-float-color=\"#ffffff\" data-float=\"none\" data-float-mobile=\"none\" data-transition=\"slide\">\n<div class=\"nc_tweetContainer swp_share_button total_shares total_sharesalt\"><span class=\"swp_count\">1 <span class=\"swp_label\">Partages<\/span><\/span><\/div>\n<\/div>\n<p>Le pr\u00e9sident de l\u2019ARP, Mohamed Ennaceur, a pr\u00eat\u00e9, il y a quelques minutes, et conform\u00e9ment aux dispositions des articles 84 et 85 de la\u00a0 constitution, sermon, en tant que pr\u00e9sident de la R\u00e9publique par int\u00e9rim, apr\u00e8s la confirmation de la vacance \u00e0 la t\u00eate de l\u2019Etat.<\/p>\n<p>Cette c\u00e9r\u00e9monie du sermon a \u00e9t\u00e9 pr\u00e9c\u00e9d\u00e9e par la lecture de la Fatiha, \u00e0 la m\u00e9moire du pr\u00e9sident d\u00e9funt, B\u00e9ji Ca\u00efed Essebsi.<\/p>\n<div class=\"code-block code-block-1 c6\"><ins class=\"adsbygoogle c5\" data-ad-layout=\"in-article\" data-ad-format=\"fluid\" data-ad-client=\"ca-pub-2102118777505746\" data-ad-slot=\"7301775417\"\/> <\/div>\n<div class=\"mvp-org-wrap mvp-org-logo\" itemprop=\"publisher\" itemscope=\"\" itemtype=\"https:\/\/schema.org\/Organization\"><img decoding=\"async\" src=\"https:\/\/www.tunisienumerique.com\/wp-content\/uploads\/2017\/02\/logo_tunisie_numerique.png\"\/><\/div>\n<div class=\"swp_social_panel swp_horizontal_panel swp_flat_fresh swp_default_full_color swp_individual_full_color swp_other_full_color scale-100 scale-\" data-min-width=\"1100\" data-float-color=\"#ffffff\" data-float=\"none\" data-float-mobile=\"none\" data-transition=\"slide\">\n<div class=\"nc_tweetContainer swp_share_button total_shares total_sharesalt\"><span class=\"swp_count\">1 <span class=\"swp_label\">Partages<\/span><\/span><\/div>\n<\/div>\n<div class=\"mvp-related-posts left relative\">\n<h4 class=\"post-header\"><span class=\"post-header\">Lire aussi<\/span><\/h4>\n<\/div>\n<\/div>\n<p>Auteur: LM<br \/>\n<a href=\"https:\/\/www.tunisienumerique.com\/tunisie-video-mohamed-ennaceur-prete-sermon-en-tant-que-president-de-la-republique-par-interim\/\">Cliquez ici pour lire l&rsquo;article depuis sa source.<\/a><\/p>\n","protected":false},"excerpt":{"rendered":"<p>1 Partages Le pr\u00e9sident de l\u2019ARP, Mohamed Ennaceur, a pr\u00eat\u00e9, il y a quelques minutes, et conform\u00e9ment aux dispositions des articles 84 et 85 de la\u00a0 constitution, sermon, en tant que pr\u00e9sident de la R\u00e9publique par int\u00e9rim, apr\u00e8s la confirmation de la vacance \u00e0 la t\u00eate de l\u2019Etat. Cette c\u00e9r\u00e9monie du sermon a \u00e9t\u00e9 pr\u00e9c\u00e9d\u00e9e [&hellip;]<\/p>\n","protected":false},"author":1789,"featured_media":48451,"comment_status":"closed","ping_status":"closed","sticky":false,"template":"","format":"standard","meta":{"fifu_image_url":"","fifu_image_alt":"","footnotes":""},"categories":[73,55],"tags":[],"class_list":["post-48449","post","type-post","status-publish","format-standard","has-post-thumbnail","hentry","category-actualite","category-tunisie"],"_links":{"self":[{"href":"https:\/\/linitiative.ca\/International\/wp-json\/wp\/v2\/posts\/48449","targetHints":{"allow":["GET"]}}],"collection":[{"href":"https:\/\/linitiative.ca\/International\/wp-json\/wp\/v2\/posts"}],"about":[{"href":"https:\/\/linitiative.ca\/International\/wp-json\/wp\/v2\/types\/post"}],"author":[{"embeddable":true,"href":"https:\/\/linitiative.ca\/International\/wp-json\/wp\/v2\/users\/1789"}],"replies":[{"embeddable":true,"href":"https:\/\/linitiative.ca\/International\/wp-json\/wp\/v2\/comments?post=48449"}],"version-history":[{"count":0,"href":"https:\/\/linitiative.ca\/International\/wp-json\/wp\/v2\/posts\/48449\/revisions"}],"wp:featuredmedia":[{"embeddable":true,"href":"https:\/\/linitiative.ca\/International\/wp-json\/"}],"wp:attachment":[{"href":"https:\/\/linitiative.ca\/International\/wp-json\/wp\/v2\/media?parent=48449"}],"wp:term":[{"taxonomy":"category","embeddable":true,"href":"https:\/\/linitiative.ca\/International\/wp-json\/wp\/v2\/categories?post=48449"},{"taxonomy":"post_tag","embeddable":true,"href":"https:\/\/linitiative.ca\/International\/wp-json\/wp\/v2\/tags?post=48449"}],"curies":[{"name":"wp","href":"https:\/\/api.w.org\/{rel}","templated":true}]}}