{"id":48450,"date":"2019-07-25T12:57:10","date_gmt":"2019-07-25T16:57:10","guid":{"rendered":"https:\/\/linitiative.ca\/International\/dechu-au-cameroun-patrick-kluivert-pose-ses-valises-au-fc-barcelone\/"},"modified":"2019-07-25T12:57:10","modified_gmt":"2019-07-25T16:57:10","slug":"dechu-au-cameroun-patrick-kluivert-pose-ses-valises-au-fc-barcelone","status":"publish","type":"post","link":"https:\/\/linitiative.ca\/International\/dechu-au-cameroun-patrick-kluivert-pose-ses-valises-au-fc-barcelone\/","title":{"rendered":"D\u00e9chu au Cameroun, Patrick Kluivert pose ses valises au FC Barcelone"},"content":{"rendered":"<div readability=\"32\">\n<p>Publi\u00e9 le 25.07.2019 \u00e0 17h59 par Jean-Christian Nselel<\/p>\n<\/div>\n<div readability=\"55\">\n<h2>Le technicien n\u00e9erlandais a \u00e9t\u00e9 admis dans le staff du FC Barcelone en tant que directeur de la Masia, le centre de formation du FC Barcelone. Il y officiera jusqu\u2019en 2021 si l\u2019on se fie \u00e0 son contrat.<\/h2>\n<p>Gr\u00e2ce \u00e0 ce nouvel engagement, le technicien n\u00e9erlandais va donner un coup de tonus \u00e0 sa carri\u00e8re.\u00a0 Il faut relever qu\u2019\u00e0 l\u2019issue de la prestation peu reluisante des Lions Indomptables en Egypte lors de la Coupe d\u2019Afrique de Football, Seedorf et son adjoint Patrick Kluivert ont \u00e9t\u00e9 remerci\u00e9 par les autorit\u00e9s camerounaises.<\/p>\n<p>Ce nouvel \u00e9pisode dans la vie du technicien n\u00e9erlandais sonne comme un rebondissement dans sa carri\u00e8re mais \u00e9galement comme un retour \u00e0 la case de d\u00e9part.<\/p>\n<p>En effet entre 1998 et 2004, Patrick Kluivert avait \u00e9volu\u00e9 comme footballeur\u00a0 au sein du Fc Barcelone. A cette \u00e9poque, Louis Van Gaal son p\u00e8re y occupait le poste d\u2019entraineur .<\/p>\n<p>A travers un communiqu\u00e9 du club Catalan, le nouveau promu a d\u00e9clar\u00e9 \u00ab\u00a0<em>Je suis tr\u00e8s heureux de rentrer chez moi et nous sommes impatients de commencer cette nouvelle \u00e9tape dans laquelle nous devons relever le d\u00e9fi de continuer \u00e0 faire du football Barca l\u2019un des meilleurs au monde<\/em>\u00a0\u00bb.<\/p>\n<p>A titre de rappel, la Masia est le centre de formation du FC Barcelone. Il a \u00e9t\u00e9 cr\u00e9e en 1979 et est r\u00e9put\u00e9 pour avoir form\u00e9 de nombreux joueurs tel que Lionel Messi, Xavi et bien d\u2019autres.<\/p>\n<\/div>\n<p>Auteur: Jean-Christian Nselel<br \/>\n<a href=\"https:\/\/www.journalducameroun.com\/dechu-au-cameroun-patrick-kluivert-pose-ses-valises-au-fc-barcelone\/\">Cliquez ici pour lire l&rsquo;article depuis sa source.<\/a><\/p>\n","protected":false},"excerpt":{"rendered":"<p>Publi\u00e9 le 25.07.2019 \u00e0 17h59 par Jean-Christian Nselel Le technicien n\u00e9erlandais a \u00e9t\u00e9 admis dans le staff du FC Barcelone en tant que directeur de la Masia, le centre de formation du FC Barcelone. Il y officiera jusqu\u2019en 2021 si l\u2019on se fie \u00e0 son contrat. Gr\u00e2ce \u00e0 ce nouvel engagement, le technicien n\u00e9erlandais va [&hellip;]<\/p>\n","protected":false},"author":1965,"featured_media":0,"comment_status":"closed","ping_status":"closed","sticky":false,"template":"","format":"standard","meta":{"fifu_image_url":"","fifu_image_alt":"","footnotes":""},"categories":[73,82],"tags":[],"class_list":["post-48450","post","type-post","status-publish","format-standard","hentry","category-actualite","category-cameroun"],"_links":{"self":[{"href":"https:\/\/linitiative.ca\/International\/wp-json\/wp\/v2\/posts\/48450","targetHints":{"allow":["GET"]}}],"collection":[{"href":"https:\/\/linitiative.ca\/International\/wp-json\/wp\/v2\/posts"}],"about":[{"href":"https:\/\/linitiative.ca\/International\/wp-json\/wp\/v2\/types\/post"}],"author":[{"embeddable":true,"href":"https:\/\/linitiative.ca\/International\/wp-json\/wp\/v2\/users\/1965"}],"replies":[{"embeddable":true,"href":"https:\/\/linitiative.ca\/International\/wp-json\/wp\/v2\/comments?post=48450"}],"version-history":[{"count":0,"href":"https:\/\/linitiative.ca\/International\/wp-json\/wp\/v2\/posts\/48450\/revisions"}],"wp:attachment":[{"href":"https:\/\/linitiative.ca\/International\/wp-json\/wp\/v2\/media?parent=48450"}],"wp:term":[{"taxonomy":"category","embeddable":true,"href":"https:\/\/linitiative.ca\/International\/wp-json\/wp\/v2\/categories?post=48450"},{"taxonomy":"post_tag","embeddable":true,"href":"https:\/\/linitiative.ca\/International\/wp-json\/wp\/v2\/tags?post=48450"}],"curies":[{"name":"wp","href":"https:\/\/api.w.org\/{rel}","templated":true}]}}