{"id":48452,"date":"2019-07-25T10:56:00","date_gmt":"2019-07-25T14:56:00","guid":{"rendered":"https:\/\/linitiative.ca\/International\/la-diplomatie-tunisienne-en-deuil-hommage-a-caid-essebsi-et-report-de-la-conference-des-ambassadeurs\/"},"modified":"2019-07-25T10:56:00","modified_gmt":"2019-07-25T14:56:00","slug":"la-diplomatie-tunisienne-en-deuil-hommage-a-caid-essebsi-et-report-de-la-conference-des-ambassadeurs","status":"publish","type":"post","link":"https:\/\/linitiative.ca\/International\/la-diplomatie-tunisienne-en-deuil-hommage-a-caid-essebsi-et-report-de-la-conference-des-ambassadeurs\/","title":{"rendered":"La diplomatie tunisienne en deuil : Hommage \u00e0 Ca\u00efd Essebsi et report de la conf\u00e9rence des ambassadeurs"},"content":{"rendered":"<p>Chef constitutionnel de la diplomatie tunisienne depuis son accession \u00e0 la magistrature supr\u00eame, le pr\u00e9sident B\u00e9ji Ca\u00efd Essebsi aura \u00e9galement \u00e9t\u00e9 un illustre ambassadeur de Tunisie (\u00e0 Paris 1er\u00a0ao\u00fbt\u00a01970\u00a0\u2013\u00a014\u00a0d\u00e9cembre\u00a01971) et en Allemagne (1986 \u2013 1987) et un ministre \u00e9m\u00e9rite des Affaires \u00e9trang\u00e8res (15\u00a0avril\u00a01981\u00a0\u2013\u00a015\u00a0septembre\u00a01986). Le pays lui doit l\u2019aboutissement r\u00e9ussi de l\u2019unique plainte d\u00e9pos\u00e9e devant le conseil de s\u00e9curit\u00e9 de l\u2019ONU, suite \u00e0 l\u2019attaque isra\u00e9lienne contre le QG de l\u2019OLP \u00e0 Hammem Echott, le 1er octobre 1985.<\/p>\n<p>Le minist\u00e8re des Affaires \u00e9trang\u00e8res, par la voix du ministre Khemaies Jhinaoui et au nom de l\u2019ensemble de la famille diplomatique tunisienne lui rend un vibrant.<\/p>\n<p>En signe de deuil, la conf\u00e9rence annuelle des ambassadeurs, des repr\u00e9sentants permanents, et des consuls et consuls g\u00e9n\u00e9raux qui devait s\u2019ouvrir ce lundi 29 juillet, a \u00e9t\u00e9 annul\u00e9e, a r\u00e9v\u00e9l\u00e9 le ministre Jhinaoui. D\u2019ores et d\u00e9j\u00e0, le drapeau tunisien a \u00e9t\u00e9 mis en berne sur le front de toutes les missions diplomatiques et consulaires tunisiennes \u00e0 l\u2019\u00e9tranger. Un livre de condol\u00e9ances sera ouvert d\u00e8s demain matin. Aussi, tous les ambassadeurs et consuls et consuls g\u00e9n\u00e9raux ont \u00e9t\u00e9 instruits pour interrompre leurs vacances et rejoindre leurs postes d\u2019ici la semaine prochaine.<\/p>\n<h2>\u00a0\u00bbL\u2019un des plus beaux jours de ma vie\u00a0\u00bb<\/h2>\n<p class=\"c2\"><img loading=\"lazy\" decoding=\"async\" src=\"\/uploads\/FCK_files\/Acade%CC%81mie.jpg\" alt=\"\" width=\"700\" vspace=\"5\" hspace=\"5\" height=\"427\" align=\"middle\"\/>Posant vendredi 3 mai dernier, la premi\u00e8re pierre de la nouvelle Acad\u00e9mie acad\u00e9mique, non loin du Campus universitaire et du si\u00e8ge du minist\u00e8re des Affaires \u00e9trang\u00e8res, le pr\u00e9sident B\u00e9ji Ca\u00efd Essebsi, ne cachait pas sa joie. \u00ab\u00a0C\u2019est l\u2019un des plus beaux jours de ma vie\u00a0\u00bb, confiera-t-il, \u00e0 Leaders, \u00e0 peine de retour au palais de Carthage. \u00ab\u00a0C\u2019est ce qui manquait jusque-l\u00e0 \u00e0 notre vaillante diplomatie. Vous r\u00e9aliserez bient\u00f4t tout son impact b\u00e9n\u00e9fique pour faire \u00e9merger une nouvelle g\u00e9n\u00e9ration de jeunes diplomates, non seulement tunisiens, mais aussi arabes et africains. Je vois ainsi un r\u00eave se r\u00e9aliser\u00a0\u00bb ajoutera-t-il.<\/p>\n<p><strong>Lire aussi<\/strong><\/p>\n<p><a href=\"https:\/\/www.leaders.com.tn\/article\/27572-exclusif-caid-essebsi-je-sais-que-je-suis-sur-le-depart-je-n-ai-pas-l-excuse-de-l-ignorance\" target=\"_blank\" rel=\"noopener noreferrer\">Exclusif &#8211; Ca\u00efd Essebsi : \u00ab Je sais que je suis sur le d\u00e9part, je n\u2019ai pas l\u2019excuse de l\u2019ignorance ! \u00bb<\/a><br \/><a href=\"https:\/\/www.leaders.com.tn\/article\/27571-mohamed-ennaceur\" target=\"_blank\" rel=\"noopener noreferrer\">Mohamed Ennaceur assurera l\u2019int\u00e9rim de Pr\u00e9sident de la R\u00e9publique<\/a><\/p>\n<p><a href=\"https:\/\/www.leaders.com.tn\/article\/27573-document-l-hommage-de-la-sorbonne-a-beji-caid-essebsi\" target=\"_blank\" rel=\"noopener noreferrer\">Document : L\u2019hommage de la Sorbonne \u00e0 B\u00e9ji Ca\u00efd Essebsi (Photos et vid\u00e9o)<\/a><\/p>\n<p><a href=\"https:\/\/www.leaders.com.tn\/article\/27570-le-president-beji-caid-essebsi-est-decede-la-tunisie-perd-un-grand-leader\" target=\"_blank\" rel=\"noopener noreferrer\">Le pr\u00e9sident B\u00e9ji Ca\u00efd Essebsi est d\u00e9c\u00e9d\u00e9 : La Tunisie perd un grand leader<\/a><\/p>\n<p><a href=\"https:\/\/www.leaders.com.tn\/article\/27575-abdelaziz-kacem-j-aimais-en-beji-caid-essebsi-sa-culture-son-raffinement\" target=\"_blank\" rel=\"noopener noreferrer\">Abdelaziz Kacem : J\u2019aimais en B\u00e9ji Ca\u00efd Essebsi, sa culture, son raffinement<\/a><\/p>\n<p><a href=\"https:\/\/www.leaders.com.tn\/article\/27574-beli-caid-essebsi-le-pere-de-la-democratie-tunisienne\" target=\"_blank\" rel=\"noopener noreferrer\">B\u00e9ji Ca\u00efd Essebsi, le p\u00e8re de la d\u00e9mocratie tunisienne<\/a><\/p>\n<p class=\"c3\">\u00a0<\/p>\n<p>Auteur:<br \/>\n<a href=\"https:\/\/www.leaders.com.tn\/article\/27577-la-diplomatie-tunisienne-en-deuil-hommage-a-caid-essebsi-et-report-de-la-conference-des-ambassadeurs\">Cliquez ici pour lire l&rsquo;article depuis sa source.<\/a><\/p>\n","protected":false},"excerpt":{"rendered":"<p>Chef constitutionnel de la diplomatie tunisienne depuis son accession \u00e0 la magistrature supr\u00eame, le pr\u00e9sident B\u00e9ji Ca\u00efd Essebsi aura \u00e9galement \u00e9t\u00e9 un illustre ambassadeur de Tunisie (\u00e0 Paris 1er\u00a0ao\u00fbt\u00a01970\u00a0\u2013\u00a014\u00a0d\u00e9cembre\u00a01971) et en Allemagne (1986 \u2013 1987) et un ministre \u00e9m\u00e9rite des Affaires \u00e9trang\u00e8res (15\u00a0avril\u00a01981\u00a0\u2013\u00a015\u00a0septembre\u00a01986). Le pays lui doit l\u2019aboutissement r\u00e9ussi de l\u2019unique plainte d\u00e9pos\u00e9e devant le [&hellip;]<\/p>\n","protected":false},"author":1772,"featured_media":48453,"comment_status":"closed","ping_status":"closed","sticky":false,"template":"","format":"standard","meta":{"fifu_image_url":"","fifu_image_alt":"","footnotes":""},"categories":[73,55],"tags":[],"class_list":["post-48452","post","type-post","status-publish","format-standard","has-post-thumbnail","hentry","category-actualite","category-tunisie"],"_links":{"self":[{"href":"https:\/\/linitiative.ca\/International\/wp-json\/wp\/v2\/posts\/48452","targetHints":{"allow":["GET"]}}],"collection":[{"href":"https:\/\/linitiative.ca\/International\/wp-json\/wp\/v2\/posts"}],"about":[{"href":"https:\/\/linitiative.ca\/International\/wp-json\/wp\/v2\/types\/post"}],"author":[{"embeddable":true,"href":"https:\/\/linitiative.ca\/International\/wp-json\/wp\/v2\/users\/1772"}],"replies":[{"embeddable":true,"href":"https:\/\/linitiative.ca\/International\/wp-json\/wp\/v2\/comments?post=48452"}],"version-history":[{"count":0,"href":"https:\/\/linitiative.ca\/International\/wp-json\/wp\/v2\/posts\/48452\/revisions"}],"wp:featuredmedia":[{"embeddable":true,"href":"https:\/\/linitiative.ca\/International\/wp-json\/"}],"wp:attachment":[{"href":"https:\/\/linitiative.ca\/International\/wp-json\/wp\/v2\/media?parent=48452"}],"wp:term":[{"taxonomy":"category","embeddable":true,"href":"https:\/\/linitiative.ca\/International\/wp-json\/wp\/v2\/categories?post=48452"},{"taxonomy":"post_tag","embeddable":true,"href":"https:\/\/linitiative.ca\/International\/wp-json\/wp\/v2\/tags?post=48452"}],"curies":[{"name":"wp","href":"https:\/\/api.w.org\/{rel}","templated":true}]}}