{"id":48456,"date":"2019-07-25T12:50:00","date_gmt":"2019-07-25T16:50:00","guid":{"rendered":"https:\/\/linitiative.ca\/International\/pris-par-lemotion-mohamed-ennaceur-prete-serment-la-continuite-de-letat-assuree\/"},"modified":"2019-07-25T12:50:00","modified_gmt":"2019-07-25T16:50:00","slug":"pris-par-lemotion-mohamed-ennaceur-prete-serment-la-continuite-de-letat-assuree","status":"publish","type":"post","link":"https:\/\/linitiative.ca\/International\/pris-par-lemotion-mohamed-ennaceur-prete-serment-la-continuite-de-letat-assuree\/","title":{"rendered":"<div>Pris par l\u2019\u00e9motion, Mohamed Ennaceur pr\u00eate serment, la continuit\u00e9 de l&rsquo;Etat, assur\u00e9e<\/div>"},"content":{"rendered":"<p>Jeudi, 25\u00a0juillet, 16h42 minutes, au si\u00e8ge de l&rsquo;ARP au Bardo. Le moment est solennel. La continuit\u00e9 de l\u2019Etat est assur\u00e9e. La voix \u00e9mue, les yeux humides, le c\u0153ur serr\u00e9 par une profonde tristesse et un sens aigu du devoir qui sera d\u00e9sormais le sien, le pr\u00e9sident de l\u2019ARP, Mohamed Ennaceur pr\u00eate serment et assure d\u00e9sormais la fonction de pr\u00e9sident de la R\u00e9publique. Apr\u00e8s avoir r\u00e9cit\u00e9 la Fatiha, et dans le texte pr\u00e9liminaire dont il a donn\u00e9 lecture devant les membres du bureau de l\u2019Assembl\u00e9e, il s\u2019est fond\u00e9 sur le bulletin de d\u00e9c\u00e8s re\u00e7u et la notification de l\u2019Instance provisoire de la constitutionnalit\u00e9 des lois, confirmant la vacance d\u00e9finitive du pouvoir \u00e0 la t\u00eate de l\u2019Etat. Conform\u00e9ment aux dispositions des articles 84 et 85 de la Constitution, le pr\u00e9sident Mohamed Ennaceur s\u2019est hiss\u00e9 \u00e0 titre int\u00e9rimaire \u00e0 la magistrature supr\u00eame. Il aura \u00e0 organiser des \u00e9lections pr\u00e9sidentielles dans un d\u00e9lai entre 45 et 90 jours, \u00e0 compter d\u2019aujourd\u2019hui.<\/p>\n<p>Auteur:<br \/>\n<a href=\"https:\/\/www.leaders.com.tn\/article\/27578-pris-par-l-emotion-mohamed-ennaceur-prete-serment-la-continuite-de-l-etat-assuree\">Cliquez ici pour lire l&rsquo;article depuis sa source.<\/a><\/p>\n","protected":false},"excerpt":{"rendered":"<p>Jeudi, 25\u00a0juillet, 16h42 minutes, au si\u00e8ge de l&rsquo;ARP au Bardo. Le moment est solennel. La continuit\u00e9 de l\u2019Etat est assur\u00e9e. La voix \u00e9mue, les yeux humides, le c\u0153ur serr\u00e9 par une profonde tristesse et un sens aigu du devoir qui sera d\u00e9sormais le sien, le pr\u00e9sident de l\u2019ARP, Mohamed Ennaceur pr\u00eate serment et assure d\u00e9sormais [&hellip;]<\/p>\n","protected":false},"author":1772,"featured_media":0,"comment_status":"closed","ping_status":"closed","sticky":false,"template":"","format":"standard","meta":{"fifu_image_url":"","fifu_image_alt":"","footnotes":""},"categories":[73,55],"tags":[],"class_list":["post-48456","post","type-post","status-publish","format-standard","hentry","category-actualite","category-tunisie"],"_links":{"self":[{"href":"https:\/\/linitiative.ca\/International\/wp-json\/wp\/v2\/posts\/48456","targetHints":{"allow":["GET"]}}],"collection":[{"href":"https:\/\/linitiative.ca\/International\/wp-json\/wp\/v2\/posts"}],"about":[{"href":"https:\/\/linitiative.ca\/International\/wp-json\/wp\/v2\/types\/post"}],"author":[{"embeddable":true,"href":"https:\/\/linitiative.ca\/International\/wp-json\/wp\/v2\/users\/1772"}],"replies":[{"embeddable":true,"href":"https:\/\/linitiative.ca\/International\/wp-json\/wp\/v2\/comments?post=48456"}],"version-history":[{"count":0,"href":"https:\/\/linitiative.ca\/International\/wp-json\/wp\/v2\/posts\/48456\/revisions"}],"wp:attachment":[{"href":"https:\/\/linitiative.ca\/International\/wp-json\/wp\/v2\/media?parent=48456"}],"wp:term":[{"taxonomy":"category","embeddable":true,"href":"https:\/\/linitiative.ca\/International\/wp-json\/wp\/v2\/categories?post=48456"},{"taxonomy":"post_tag","embeddable":true,"href":"https:\/\/linitiative.ca\/International\/wp-json\/wp\/v2\/tags?post=48456"}],"curies":[{"name":"wp","href":"https:\/\/api.w.org\/{rel}","templated":true}]}}