{"id":48458,"date":"2019-07-25T11:29:35","date_gmt":"2019-07-25T15:29:35","guid":{"rendered":"https:\/\/linitiative.ca\/International\/bensalah-recoit-les-membres-du-panel-designe-pour-conduire-le-dialogue-national\/"},"modified":"2019-07-25T11:29:35","modified_gmt":"2019-07-25T15:29:35","slug":"bensalah-recoit-les-membres-du-panel-designe-pour-conduire-le-dialogue-national","status":"publish","type":"post","link":"https:\/\/linitiative.ca\/International\/bensalah-recoit-les-membres-du-panel-designe-pour-conduire-le-dialogue-national\/","title":{"rendered":"Bensalah re\u00e7oit les membres du Panel d\u00e9sign\u00e9 pour conduire le dialogue national"},"content":{"rendered":"<h4 class=\"title-14\"\/>\n<p><strong>Le chef de l\u2019Etat, Abdelkader Bensalah, a re\u00e7u jeudi \u00e0 Alger, les membres du Panel des personnalit\u00e9s, appel\u00e9 \u00e0 mener le dialogue national inclusif, indique un communiqu\u00e9 de la Pr\u00e9sidence de la R\u00e9publique.<\/strong><\/p>\n<p>Ainsi, le chef de l\u2019Etat a re\u00e7u M. Karim Younes, accompagn\u00e9 de Mme Benabbou Fatiha, de MM. Lalmas Smail, Lazhari Bouzid, Abdelwahab Bendjelloul et Benaissa Azzedine.<\/p>\n<p>\u00ab\u00a0Ces personnalit\u00e9s constituent les membres du Panel de personnalit\u00e9s nationales, appel\u00e9 \u00e0 mener le dialogue national inclusif auquel a appel\u00e9 le chef de l\u2019Etat lors de son discours du 3 juillet 2019 dans le cadre d\u2019une offre politique globale\u00a0\u00bb, pr\u00e9cise la m\u00eame source.<\/p>\n<p>Ainsi, le chef de l\u2019Etat a re\u00e7u M. Karim Younes, accompagn\u00e9 de Mme Benabbou Fatiha, de MM. Lalmas Smail, Lazhari Bouzid, Abdelwahab Bendjelloul et Benaissa Azzedine.<\/p>\n<p>\u00ab\u00a0Ces personnalit\u00e9s constituent les membres du Panel de personnalit\u00e9s nationales, appel\u00e9 \u00e0 mener le dialogue national inclusif auquel a appel\u00e9 le chef de l\u2019Etat lors de son discours du 3 juillet 2019 dans le cadre d\u2019une offre politique globale\u00a0\u00bb, pr\u00e9cise la m\u00eame source.<\/p>\n<p><span class=\"post-views-label\">Post Views:<\/span> <span class=\"post-views-count\">933<\/span><\/p>\n<p><br class=\"c4\"\/><\/p>\n<p>Auteur: Farouk Djouadi<br \/>\n<a href=\"https:\/\/www.elwatan.com\/edition\/actualite\/bensalah-recoit-les-membres-du-panel-designe-pour-conduire-le-dialogue-national-25-07-2019\">Cliquez ici pour lire l&rsquo;article depuis sa source.<\/a><\/p>\n","protected":false},"excerpt":{"rendered":"<p>Le chef de l\u2019Etat, Abdelkader Bensalah, a re\u00e7u jeudi \u00e0 Alger, les membres du Panel des personnalit\u00e9s, appel\u00e9 \u00e0 mener le dialogue national inclusif, indique un communiqu\u00e9 de la Pr\u00e9sidence de la R\u00e9publique. Ainsi, le chef de l\u2019Etat a re\u00e7u M. Karim Younes, accompagn\u00e9 de Mme Benabbou Fatiha, de MM. Lalmas Smail, Lazhari Bouzid, Abdelwahab [&hellip;]<\/p>\n","protected":false},"author":1743,"featured_media":0,"comment_status":"closed","ping_status":"closed","sticky":false,"template":"","format":"standard","meta":{"fifu_image_url":"","fifu_image_alt":"","footnotes":""},"categories":[73,53],"tags":[],"class_list":["post-48458","post","type-post","status-publish","format-standard","hentry","category-actualite","category-algerie"],"_links":{"self":[{"href":"https:\/\/linitiative.ca\/International\/wp-json\/wp\/v2\/posts\/48458","targetHints":{"allow":["GET"]}}],"collection":[{"href":"https:\/\/linitiative.ca\/International\/wp-json\/wp\/v2\/posts"}],"about":[{"href":"https:\/\/linitiative.ca\/International\/wp-json\/wp\/v2\/types\/post"}],"author":[{"embeddable":true,"href":"https:\/\/linitiative.ca\/International\/wp-json\/wp\/v2\/users\/1743"}],"replies":[{"embeddable":true,"href":"https:\/\/linitiative.ca\/International\/wp-json\/wp\/v2\/comments?post=48458"}],"version-history":[{"count":0,"href":"https:\/\/linitiative.ca\/International\/wp-json\/wp\/v2\/posts\/48458\/revisions"}],"wp:attachment":[{"href":"https:\/\/linitiative.ca\/International\/wp-json\/wp\/v2\/media?parent=48458"}],"wp:term":[{"taxonomy":"category","embeddable":true,"href":"https:\/\/linitiative.ca\/International\/wp-json\/wp\/v2\/categories?post=48458"},{"taxonomy":"post_tag","embeddable":true,"href":"https:\/\/linitiative.ca\/International\/wp-json\/wp\/v2\/tags?post=48458"}],"curies":[{"name":"wp","href":"https:\/\/api.w.org\/{rel}","templated":true}]}}