{"id":48459,"date":"2019-07-25T12:20:47","date_gmt":"2019-07-25T16:20:47","guid":{"rendered":"https:\/\/linitiative.ca\/International\/bensalah-invite-la-justice-a-examiner-la-possibilite-de-liberer-les-manifestants-arretes\/"},"modified":"2019-07-25T12:20:47","modified_gmt":"2019-07-25T16:20:47","slug":"bensalah-invite-la-justice-a-examiner-la-possibilite-de-liberer-les-manifestants-arretes","status":"publish","type":"post","link":"https:\/\/linitiative.ca\/International\/bensalah-invite-la-justice-a-examiner-la-possibilite-de-liberer-les-manifestants-arretes\/","title":{"rendered":"Bensalah invite la justice \u00e0 examiner la possibilit\u00e9 de lib\u00e9rer les manifestants arr\u00eat\u00e9s"},"content":{"rendered":"<h4 class=\"title-14\"\/>\n<div class=\"featured_image\"><img width=\"800\" height=\"578\" data-cfsrc=\"https:\/\/www.elwatan.com\/wp-content\/uploads\/2019\/07\/Drapeau-amazigh.jpg\" class=\"attachment-post-thumbnail size-post-thumbnail wp-post-image c2\" alt=\"\" srcset=\"https:\/\/www.elwatan.com\/wp-content\/uploads\/2019\/07\/Drapeau-amazigh.jpg 800w, https:\/\/www.elwatan.com\/wp-content\/uploads\/2019\/07\/Drapeau-amazigh-300x217.jpg 300w, https:\/\/www.elwatan.com\/wp-content\/uploads\/2019\/07\/Drapeau-amazigh-768x555.jpg 768w\" sizes=\"(max-width: 800px) 100vw, 800px\"\/><noscript><\/p>\n<p><img loading=\"lazy\" decoding=\"async\" width=\"800\" height=\"578\" src=\"https:\/\/www.elwatan.com\/wp-content\/uploads\/2019\/07\/Drapeau-amazigh.jpg\" class=\"attachment-post-thumbnail size-post-thumbnail wp-post-image\" alt=\"\" srcset=\"https:\/\/www.elwatan.com\/wp-content\/uploads\/2019\/07\/Drapeau-amazigh.jpg 800w, https:\/\/www.elwatan.com\/wp-content\/uploads\/2019\/07\/Drapeau-amazigh-300x217.jpg 300w, https:\/\/www.elwatan.com\/wp-content\/uploads\/2019\/07\/Drapeau-amazigh-768x555.jpg 768w\" sizes=\"auto, (max-width: 800px) 100vw, 800px\"\/><\/p>\n<p><\/noscript> <span class=\"featured-image-caption\">Des dizaines de manifestants ont \u00e9t\u00e9 plac\u00e9s sous mandat de d\u00e9p\u00f4t pour port du drapeau amazigh. Photo : Ly\u00e8s H. El Watan<\/span><\/div>\n<p>Le chef de l\u2019Etat par int\u00e9rim, Abdelkader Bensalah, a re\u00e7u, aujourd\u2019hui jeudi, les membres du Panel d\u00e9sign\u00e9 pour conduire ce qui est appel\u00e9 le \u00ab\u00a0Dialogue national\u00a0\u00bb.<\/p>\n<p>Lors des changes avec les six membres du panel (Mme Benabbou Fatiha, MM. Karim Younes, Lalmas Smail, Lazhari Bouzid, Abdelwahab Bendjelloul et Benaissa Azzedine),\u00a0\u00a0 Bensalah a fait part de sa disponibilit\u00e9 \u00e0 prendre des mesures d\u2019apaisement, dont la lib\u00e9ration des personnes arr\u00eat\u00e9es par les services de s\u00e9curit\u00e9 lors des marches populaires.<\/p>\n<p><strong>\u00ab\u00a0<\/strong>En r\u00e9action \u00e0 une sollicitation des <a href=\"https:\/\/www.elwatan.com\/edition\/actualite\/bensalah-recoit-les-membres-du-panel-designe-pour-conduire-le-dialogue-national-25-07-2019\">membres du Panel<\/a> sur les mesures d\u2019accompagnement et d\u2019apaisement qu\u2019il y a lieu de prendre, le chef de l\u2019Etat a fait \u00e9tat de sa disponibilit\u00e9 \u00e0 \u0153uvrer pour inviter la justice \u00e0 examiner la possibilit\u00e9 d\u2019\u00e9largissement des personnes, dont l\u2019interpellation s\u2019est faite en lien avec le d\u00e9roulement des marches populaires\u00a0\u00bb, indique un communiqu\u00e9 de la pr\u00e9sidence de la R\u00e9publique diffus\u00e9 par APS. Il est \u00e0 rappeler que des dizaines de manifestants ont \u00e9t\u00e9 plac\u00e9s sous mandat de d\u00e9p\u00f4t pour <a href=\"https:\/\/www.elwatan.com\/edition\/actualite\/17-manifestants-envoyes-a-la-prison-del-harrach-pour-port-du-drapeau-amazigh-23-06-2019\">port du drapeau amazigh<\/a>.<\/p>\n<p>L\u2019Etat envisage aussi, selon la m\u00eame source, \u00ab\u00a0l\u2019all\u00e8gement du dispositif mis en place par les services de s\u00e9curit\u00e9 pour garantir la libert\u00e9 de circulation d\u00e8s lors que cet all\u00e8gement ne porte pas pr\u00e9judice \u00e0 l\u2019imp\u00e9ratif de pr\u00e9server l\u2019ordre public, et la protection des personnes et des biens lors des marches populaires\u00a0\u00bb.<\/p>\n<p>Bensalah s\u2019est dit, dans la m\u00eame optique, pr\u00eat \u00e0 \u00ab prendre les mesures de nature \u00e0 faciliter l\u2019acc\u00e8s aux m\u00e9dias publics \u00e0 toutes les opinions, \u00e0 travers l\u2019organisation des d\u00e9bats contradictoires et ouverts \u00e0 toutes les expressions politiques, sans exclusive \u00bb.<\/p>\n<p>Ces engagements pris par Bensalah, en attendant leur concr\u00e9tisation par des actes, constituent un premier pas vers la satisfactions des pr\u00e9alables au dialogue exprim\u00e9s par la rue et la classe politique qui ont exig\u00e9 la lib\u00e9ration des d\u00e9tenus d\u2019opinion, l\u2019arr\u00eat de la r\u00e9pression et l\u2019ouverture des champs politique et m\u00e9diatique. Ceux-l\u00e0 en plus du point important relatif au \u00ab\u00a0d\u00e9part de tous les symboles du r\u00e9gimes\u00a0\u00bb, \u00e0 savoir la d\u00e9mission du chef de l\u2019Etat et du gouvernement\u00a0 Bedoui.<\/p>\n<p>Enfin, la r\u00e9ponse des Alg\u00e9riens \u00e0 l\u2019offre du pouvoir en place sera connue demain, 23<sup>e<\/sup> vendredi de la r\u00e9volution pacifique pour <a href=\"https:\/\/www.elwatan.com\/edition\/actualite\/alger-22e-vendredi-la-revolution-pacifique-supplante-tout-19-07-2019\">le changement du syst\u00e8me<\/a>.<\/p>\n<p><span class=\"post-views-label\">Post Views:<\/span> <span class=\"post-views-count\">9<\/span><\/p>\n<p><br class=\"c5\"\/><\/p>\n<p>Auteur: Farouk Djouadi<br \/>\n<a href=\"https:\/\/www.elwatan.com\/edition\/actualite\/bensalah-invite-la-justice-a-examiner-la-possibilite-de-liberer-les-manifestants-arretes-25-07-2019\">Cliquez ici pour lire l&rsquo;article depuis sa source.<\/a><\/p>\n","protected":false},"excerpt":{"rendered":"<p>Des dizaines de manifestants ont \u00e9t\u00e9 plac\u00e9s sous mandat de d\u00e9p\u00f4t pour port du drapeau amazigh. Photo : Ly\u00e8s H. El Watan Le chef de l\u2019Etat par int\u00e9rim, Abdelkader Bensalah, a re\u00e7u, aujourd\u2019hui jeudi, les membres du Panel d\u00e9sign\u00e9 pour conduire ce qui est appel\u00e9 le \u00ab\u00a0Dialogue national\u00a0\u00bb. Lors des changes avec les six membres [&hellip;]<\/p>\n","protected":false},"author":1743,"featured_media":48460,"comment_status":"closed","ping_status":"closed","sticky":false,"template":"","format":"standard","meta":{"fifu_image_url":"","fifu_image_alt":"","footnotes":""},"categories":[73,53],"tags":[],"class_list":["post-48459","post","type-post","status-publish","format-standard","has-post-thumbnail","hentry","category-actualite","category-algerie"],"_links":{"self":[{"href":"https:\/\/linitiative.ca\/International\/wp-json\/wp\/v2\/posts\/48459","targetHints":{"allow":["GET"]}}],"collection":[{"href":"https:\/\/linitiative.ca\/International\/wp-json\/wp\/v2\/posts"}],"about":[{"href":"https:\/\/linitiative.ca\/International\/wp-json\/wp\/v2\/types\/post"}],"author":[{"embeddable":true,"href":"https:\/\/linitiative.ca\/International\/wp-json\/wp\/v2\/users\/1743"}],"replies":[{"embeddable":true,"href":"https:\/\/linitiative.ca\/International\/wp-json\/wp\/v2\/comments?post=48459"}],"version-history":[{"count":0,"href":"https:\/\/linitiative.ca\/International\/wp-json\/wp\/v2\/posts\/48459\/revisions"}],"wp:featuredmedia":[{"embeddable":true,"href":"https:\/\/linitiative.ca\/International\/wp-json\/"}],"wp:attachment":[{"href":"https:\/\/linitiative.ca\/International\/wp-json\/wp\/v2\/media?parent=48459"}],"wp:term":[{"taxonomy":"category","embeddable":true,"href":"https:\/\/linitiative.ca\/International\/wp-json\/wp\/v2\/categories?post=48459"},{"taxonomy":"post_tag","embeddable":true,"href":"https:\/\/linitiative.ca\/International\/wp-json\/wp\/v2\/tags?post=48459"}],"curies":[{"name":"wp","href":"https:\/\/api.w.org\/{rel}","templated":true}]}}