{"id":48463,"date":"2019-07-25T13:12:21","date_gmt":"2019-07-25T17:12:21","guid":{"rendered":"https:\/\/linitiative.ca\/International\/pluies-torrentielles-un-vehicule-sous-les-amas-de-terre\/"},"modified":"2019-07-25T13:12:21","modified_gmt":"2019-07-25T17:12:21","slug":"pluies-torrentielles-un-vehicule-sous-les-amas-de-terre","status":"publish","type":"post","link":"https:\/\/linitiative.ca\/International\/pluies-torrentielles-un-vehicule-sous-les-amas-de-terre\/","title":{"rendered":"Pluies torrentielles: Un v\u00e9hicule sous les amas de terre"},"content":{"rendered":"<div class=\"single-featured\"><img alt=\"\" data-src=\"http:\/\/www.mapmarrakech.ma\/map\/uploads\/2019\/07\/inondation.jpg\"\/><\/div>\n<div class=\"single-post-excerpt post-excerpt-bc\" readability=\"38\">\n<p>Al Haouz \u2013 Les pluies torrentielles intenses qu\u2019a connu la province d\u2019Al Haouz mercredi soir ont provoqu\u00e9 une hausse du niveau des cours d\u2019eau et des ruisseaux et un \u00e9boulement au point kilom\u00e9trique 230 sur la route nationale No 7 au niveau du douar Touk Al Khair, relevant de la commune Ijoukak dans le Caidat Talat N\u2019Yacoub (Cercle Asni), ont indiqu\u00e9 les autorit\u00e9s locales de la province, pr\u00e9cisant qu\u2019un v\u00e9hicule de transport mixte a \u00e9t\u00e9 enseveli sous les amas de rochers et de terre.<\/p>\n<\/div>\n<div class=\"entry-content clearfix single-post-content\" readability=\"47\">\n<p>Aussit\u00f4t inform\u00e9s par une des personnes qui se trouvait sur place, les autorit\u00e9s locales et les services de s\u00e9curit\u00e9 et de la protection civile ainsi que les \u00e9quipes de la Direction provinciale de l\u2019Equipement, du transport, de la logistique et de l\u2019eau, ont \u00e9t\u00e9 mobilis\u00e9s pour prendre les mesures n\u00e9cessaires, ajoute la m\u00eame source, notant que les efforts se poursuivent pour d\u00e9gager les boues qui ont atteint pr\u00e8s de 20 m de hauteur, dans le but d\u2019extraire ce v\u00e9hicule, rep\u00eacher ses occupants potentiels et de r\u00e9tablir la circulation sur cet axe routier.<\/p>\n<p>L\u2019opinion publique sera tenue inform\u00e9e \u00e0 temps des d\u00e9veloppements relatifs \u00e0 cet incident, conclut la m\u00eame source.<\/p>\n<\/div>\n<p>Auteur: Meriem IGASS<br \/>\n<a href=\"http:\/\/www.mapmarrakech.ma\/fr\/pluies-torrentielles-un-vehicule-de-transport-sous-les-amas-de-terre\/\">Cliquez ici pour lire l&rsquo;article depuis sa source.<\/a><\/p>\n","protected":false},"excerpt":{"rendered":"<p>Al Haouz \u2013 Les pluies torrentielles intenses qu\u2019a connu la province d\u2019Al Haouz mercredi soir ont provoqu\u00e9 une hausse du niveau des cours d\u2019eau et des ruisseaux et un \u00e9boulement au point kilom\u00e9trique 230 sur la route nationale No 7 au niveau du douar Touk Al Khair, relevant de la commune Ijoukak dans le Caidat [&hellip;]<\/p>\n","protected":false},"author":1788,"featured_media":48464,"comment_status":"closed","ping_status":"closed","sticky":false,"template":"","format":"standard","meta":{"fifu_image_url":"","fifu_image_alt":"","footnotes":""},"categories":[54,76],"tags":[],"class_list":["post-48463","post","type-post","status-publish","format-standard","has-post-thumbnail","hentry","category-maroc","category-regions"],"_links":{"self":[{"href":"https:\/\/linitiative.ca\/International\/wp-json\/wp\/v2\/posts\/48463","targetHints":{"allow":["GET"]}}],"collection":[{"href":"https:\/\/linitiative.ca\/International\/wp-json\/wp\/v2\/posts"}],"about":[{"href":"https:\/\/linitiative.ca\/International\/wp-json\/wp\/v2\/types\/post"}],"author":[{"embeddable":true,"href":"https:\/\/linitiative.ca\/International\/wp-json\/wp\/v2\/users\/1788"}],"replies":[{"embeddable":true,"href":"https:\/\/linitiative.ca\/International\/wp-json\/wp\/v2\/comments?post=48463"}],"version-history":[{"count":0,"href":"https:\/\/linitiative.ca\/International\/wp-json\/wp\/v2\/posts\/48463\/revisions"}],"wp:featuredmedia":[{"embeddable":true,"href":"https:\/\/linitiative.ca\/International\/wp-json\/"}],"wp:attachment":[{"href":"https:\/\/linitiative.ca\/International\/wp-json\/wp\/v2\/media?parent=48463"}],"wp:term":[{"taxonomy":"category","embeddable":true,"href":"https:\/\/linitiative.ca\/International\/wp-json\/wp\/v2\/categories?post=48463"},{"taxonomy":"post_tag","embeddable":true,"href":"https:\/\/linitiative.ca\/International\/wp-json\/wp\/v2\/tags?post=48463"}],"curies":[{"name":"wp","href":"https:\/\/api.w.org\/{rel}","templated":true}]}}