{"id":48465,"date":"2019-07-25T14:13:49","date_gmt":"2019-07-25T18:13:49","guid":{"rendered":"https:\/\/linitiative.ca\/International\/afrique-debut-de-luniversite-des-jeunes-de-la-societe-civile\/"},"modified":"2019-07-25T14:13:49","modified_gmt":"2019-07-25T18:13:49","slug":"afrique-debut-de-luniversite-des-jeunes-de-la-societe-civile","status":"publish","type":"post","link":"https:\/\/linitiative.ca\/International\/afrique-debut-de-luniversite-des-jeunes-de-la-societe-civile\/","title":{"rendered":"Afrique: D\u00e9but de l\u2019Universit\u00e9 des jeunes de la soci\u00e9t\u00e9 civile"},"content":{"rendered":"<div readability=\"36\">\n<p>Bengu\u00e9rir \u2013 Une centaine de jeunes venus de 25 pays africains sont en conclave \u00e0 l\u2019occasion de la 2\u00e8me Universit\u00e9 des jeunes leaders de la soci\u00e9t\u00e9 civile africaine, dont les travaux se sont ouverts, jeudi \u00e0 Bengu\u00e9rir.<\/p>\n<\/div>\n<div readability=\"163\">\n<p>Initi\u00e9e par le Centre de D\u00e9veloppement de la R\u00e9gion Tensift (CDRT) avec le soutien de ses partenaires, sous le th\u00e8me \u00ab\u00a0Jeunes, innovation et d\u00e9veloppement de l\u2019Afrique\u00a0\u00bb, cette nouvelle \u00e9dition se veut l\u2019occasion de mener une r\u00e9flexion et de sugg\u00e9rer des actions qui promeuvent la culture d\u2019innovation, en mettant l\u2019accent sur le r\u00f4le des jeunes et en insistant sur la n\u00e9cessit\u00e9 de l\u2019innovation pour un d\u00e9veloppement durable de l\u2019Afrique.<\/p>\n<p>Dans une allocution lue en son nom par Mme Leila Ouchani, chef de la division de la qualification et de l\u2019int\u00e9gration \u00e9conomique, le ministre d\u00e9l\u00e9gu\u00e9 charg\u00e9 des Marocains R\u00e9sidant \u00e0 l\u2019Etranger et des Affaires de la migration, Abdelkrim Benatiq, a indiqu\u00e9 que l\u2019Afrique dispose de la population la plus jeune de la plan\u00e8te et comptera en 2050 quelque 2,5 milliards d\u2019habitants, dont la moiti\u00e9 aura moins de 25 ans.<\/p>\n<p>Rappelant que cette jeunesse constitue un pr\u00e9cieux atout de d\u00e9veloppement, il a pr\u00e9cis\u00e9 que les jeunes peuvent d\u00e9velopper facilement les comp\u00e9tences n\u00e9cessaires et ont souvent les opportunit\u00e9s d\u2019\u00eatre une \u00ab\u00a0force motrice\u00a0\u00bb pour soutenir le d\u00e9veloppement et contribuer \u00e0 la paix et \u00e0 la s\u00e9curit\u00e9, soulignant que les organisations dirig\u00e9es par ces jeunes doivent \u00eatre ainsi encourag\u00e9es et dot\u00e9es des moyens n\u00e9cessaires pour participer \u00e0 la traduction des programmes de d\u00e9veloppement, notamment celui de l\u2019agenda 2030.<\/p>\n<p>Cela se justifie par le fait que les jeunes ont le pouvoir d\u2019agir et de mobiliser les acteurs, a expliqu\u00e9 le ministre, ajoutant que l\u2019activisme des jeunes est en hausse dans le monde entier, soutenue par une connectivit\u00e9 plus large et l\u2019acc\u00e8s aux r\u00e9seaux sociaux.<\/p>\n<p>Ces jeunes ont aussi la capacit\u00e9 d\u2019innovation et peuvent offrir de nouvelles id\u00e9es et des solutions, a-t-il not\u00e9, pr\u00e9cisant que face \u00e0 ce constat, il est alors important de souligner que la jeunesse en Afrique repr\u00e9sente la principale \u00ab\u00a0source de vitalit\u00e9\u00a0\u00bb pour les prochaines d\u00e9cennies.<\/p>\n<p>Et de rappeler que le Maroc, par son positionnement strat\u00e9gique, est pass\u00e9 de pays d\u2019origine et de transit \u00e0 un pays de destination pour bon nombre de migrants provenant de l\u2019Afrique subsaharienne et du Moyen-Orient, et dont la majorit\u00e9 sont des jeunes.<\/p>\n<p>De ce fait, le Royaume a adopt\u00e9 une nouvelle politique migratoire en vue d\u2019am\u00e9liorer les conditions de s\u00e9jour des migrants selon une approche humaine et int\u00e9gr\u00e9e qui prot\u00e8ge leurs droits et pr\u00e9serve leur dignit\u00e9, a indiqu\u00e9 M. Benatiq, notant que cette politique a donn\u00e9 lieu \u00e0 des d\u00e9cisions et \u00e0 des mesures concr\u00e8tes pour r\u00e9gulariser les migrants en situation ill\u00e9gale et activer le processus de leur int\u00e9gration en ouvrant l\u2019acc\u00e8s \u00e0 l\u2019ensemble des dispositifs de sant\u00e9, d\u2019\u00e9ducation, de protection, de formation et d\u2019emploi, outre l\u2019adoption d\u2019une loi sur la lutte contre la traite des \u00eatres humains et l\u2019\u00e9laboration de deux projets de loi sur la migration et l\u2019asile.<\/p>\n<p>Et de poursuivre que l\u2019implication de la soci\u00e9t\u00e9 civile dans le processus de mise en oeuvre et d\u2019\u00e9valuation de la politique migratoire rev\u00eat une importance cruciale de par sa vision plus large de la r\u00e9alit\u00e9 du terrain, son contact direct avec les migrants qui lui permet d\u2019identifier leurs besoins sp\u00e9cifiques ainsi que par sa capacit\u00e9 \u00e0 d\u00e9velopper des synergies avec les acteurs publics et priv\u00e9s, les collectivit\u00e9s locales et les universit\u00e9s concern\u00e9s par la question de la migration.<\/p>\n<p>Il a, en outre, affirm\u00e9 qu\u2019au Maroc, la soci\u00e9t\u00e9 civile joue un r\u00f4le de premier plan en mati\u00e8re de consolidation des droits humains, soutenue par une avanc\u00e9e constitutionnelle en 2011 qui lui a permis de devenir un partenaire habilit\u00e9, de droit, \u00e0 contribuer \u00e0 l\u2019\u00e9laboration, \u00e0 la mise en oeuvre et \u00e0 l\u2019\u00e9valuation des politiques publiques.<\/p>\n<div readability=\"109\">\n<p>De son c\u00f4t\u00e9, le pr\u00e9sident du CDRT, Ahmed Chahbouni, a relev\u00e9 la richesse notamment d\u00e9mographique dont regorge l\u2019Afrique, insistant sur l\u2019importance de la f\u00e9d\u00e9ration des \u00e9nergies et des synergies pour une meilleure formation de ces jeunes leaders de la soci\u00e9t\u00e9 civile africaine afin de leur permettre de s\u2019acquitter pleinement de leur r\u00f4le au sein de leurs pays respectifs.<\/p>\n<p>Dans une d\u00e9claration \u00e0 la MAP, en marge de l\u2019ouverture de cette rencontre, M. Chahbouni a ajout\u00e9 que ce conclave, qui conna\u00eet aussi la participation d\u2019un parterre de chercheurs et de d\u00e9cideurs nationaux et \u00e9trangers, s\u2019inscrit dans le cadre de la consolidation de la politique d\u2019ouverture du Royaume sur le Continent africain.<\/p>\n<p>Il a, par ailleurs, appel\u00e9 \u00e0 davantage de collaboration entre les jeunes, l\u2019Etat et le secteur priv\u00e9 car le d\u00e9veloppement exige la collaboration de tous ces acteurs pour r\u00e9aliser les r\u00e9sultats escompt\u00e9s.<\/p>\n<p>Pour leur part, les autres intervenants repr\u00e9sentant notamment les partenaires \u00e0 l\u2019organisation de cette 2\u00e8 universit\u00e9: l\u2019Office Ch\u00e9rifien des Phosphates (OCP), le Conseil de la ville de Marrakech, l\u2019Universit\u00e9 Mohammed VI Polytechnique de Bengu\u00e9rir, la Banque Africaine de D\u00e9veloppement (BAD), la Fondation Friedrich Naumann pour La Libert\u00e9 (FFN), et l\u2019Institut International d\u2019Innovation pour le D\u00e9veloppement, ont mis en exergue la pertinence de la th\u00e9matique retenue pour cette 2\u00e8me \u00e9dition, mettant l\u2019accent sur l\u2019importance de nourrir les jeunes par le savoir, la recherche, l\u2019exp\u00e9rimentation et l\u2019ouverture sur le monde.<\/p>\n<p>Ils ont expliqu\u00e9 que le d\u00e9veloppement du Continent africain sur les diff\u00e9rents plans (\u00e9conomique, social, environnemental etc) et la s\u00e9curit\u00e9 alimentaire ne peuvent \u00eatre r\u00e9alis\u00e9s que par le biais de la science et du savoir qui demeurent, toutefois, \u00ab\u00a0un maillon faible\u00a0\u00bb.<\/p>\n<p>Les travaux de cette rencontre de quatre jours comportent des panels, des pr\u00e9sentations, des ateliers, des t\u00e9moignages et des \u00e9changes des bonnes exp\u00e9riences, ainsi que des activit\u00e9s culturelles et artistiques refl\u00e9tant la richesse et la diversit\u00e9 des patrimoines culturels des pays africains.<\/p>\n<p>Ces travaux sont encadr\u00e9s par une pl\u00e9iade de professeurs universitaires, d\u2019experts internationaux, de responsables financiers et administratifs et d\u2019acteurs \u00e9conomiques.<\/p>\n<p>Selon les organisateurs, la premi\u00e8re Universit\u00e9 des jeunes leaders de la soci\u00e9t\u00e9 civile africaine, organis\u00e9e par le CDRT en 2018, a connu un grand succ\u00e8s avec la participation de 120 jeunes provenant de plus de 20 pays africains.<\/p>\n<p>Elle a \u00e9t\u00e9 une occasion pour les jeunes de d\u00e9battre en pr\u00e9sence d\u2019experts africains, fran\u00e7ais et canadiens, des tops five \u00e9labor\u00e9s par les experts de la Banque africaine de d\u00e9veloppement (BAD) \u00e0 savoir: nourrir, \u00e9clairer, \u00e9duquer, int\u00e9grer et am\u00e9liorer la qualit\u00e9 de vie des Africains.<\/p>\n<p>Ainsi, les jeunes africains ont \u00e9chang\u00e9 sur les possibilit\u00e9s qui leurs sont offertes pour jouer pleinement leur r\u00f4le.<\/p>\n<p>Le CDRT, association reconnue d\u2019utilit\u00e9 publique depuis 2006, est tr\u00e8s engag\u00e9 dans la promotion de la coop\u00e9ration entre la soci\u00e9t\u00e9 civile en Afrique.<\/p>\n<p>Il participe aux diff\u00e9rents forums de la soci\u00e9t\u00e9 civile africaine, a organis\u00e9 deux universit\u00e9s des jeunes de la soci\u00e9t\u00e9 civile des pays du grand Maghreb respectivement en 2012 et 2013 et une universit\u00e9 africaine en 2018 avec le soutien de plusieurs partenaires dont l\u2019OCP, le Conseil de la ville de Marrakech, la BAD, la Fondation Friedrich Naumann, l\u2019Universit\u00e9 Cadi Ayyad et l\u2019Universit\u00e9 Mohammed VI Polytechnique de Bengu\u00e9rir.<\/p>\n<p>Les efforts, le leadership, l\u2019implication sociale et l\u2019expertise du CDRT ont \u00e9t\u00e9 r\u00e9cemment reconnus par la BAD qui l\u2019a s\u00e9lectionn\u00e9 en tant que repr\u00e9sentant de la soci\u00e9t\u00e9 civile dans la r\u00e9gion Afrique du Nord.<\/p>\n<\/div>\n<\/div>\n<p>Auteur: Meriem IGASS<br \/>\n<a href=\"http:\/\/www.mapmarrakech.ma\/fr\/afrique-debut-de-luniversite-des-jeunes-leaders-de-la-societe-civile\/\">Cliquez ici pour lire l&rsquo;article depuis sa source.<\/a><\/p>\n","protected":false},"excerpt":{"rendered":"<p>Bengu\u00e9rir \u2013 Une centaine de jeunes venus de 25 pays africains sont en conclave \u00e0 l\u2019occasion de la 2\u00e8me Universit\u00e9 des jeunes leaders de la soci\u00e9t\u00e9 civile africaine, dont les travaux se sont ouverts, jeudi \u00e0 Bengu\u00e9rir. Initi\u00e9e par le Centre de D\u00e9veloppement de la R\u00e9gion Tensift (CDRT) avec le soutien de ses partenaires, sous [&hellip;]<\/p>\n","protected":false},"author":1788,"featured_media":0,"comment_status":"closed","ping_status":"closed","sticky":false,"template":"","format":"standard","meta":{"fifu_image_url":"","fifu_image_alt":"","footnotes":""},"categories":[54,76],"tags":[],"class_list":["post-48465","post","type-post","status-publish","format-standard","hentry","category-maroc","category-regions"],"_links":{"self":[{"href":"https:\/\/linitiative.ca\/International\/wp-json\/wp\/v2\/posts\/48465","targetHints":{"allow":["GET"]}}],"collection":[{"href":"https:\/\/linitiative.ca\/International\/wp-json\/wp\/v2\/posts"}],"about":[{"href":"https:\/\/linitiative.ca\/International\/wp-json\/wp\/v2\/types\/post"}],"author":[{"embeddable":true,"href":"https:\/\/linitiative.ca\/International\/wp-json\/wp\/v2\/users\/1788"}],"replies":[{"embeddable":true,"href":"https:\/\/linitiative.ca\/International\/wp-json\/wp\/v2\/comments?post=48465"}],"version-history":[{"count":0,"href":"https:\/\/linitiative.ca\/International\/wp-json\/wp\/v2\/posts\/48465\/revisions"}],"wp:attachment":[{"href":"https:\/\/linitiative.ca\/International\/wp-json\/wp\/v2\/media?parent=48465"}],"wp:term":[{"taxonomy":"category","embeddable":true,"href":"https:\/\/linitiative.ca\/International\/wp-json\/wp\/v2\/categories?post=48465"},{"taxonomy":"post_tag","embeddable":true,"href":"https:\/\/linitiative.ca\/International\/wp-json\/wp\/v2\/tags?post=48465"}],"curies":[{"name":"wp","href":"https:\/\/api.w.org\/{rel}","templated":true}]}}