{"id":48466,"date":"2019-07-25T09:21:27","date_gmt":"2019-07-25T13:21:27","guid":{"rendered":"https:\/\/linitiative.ca\/International\/bouira-lance-la-1ere-edition-du-concours-du-village-et-quartier-les-plus-propres\/"},"modified":"2019-07-25T09:21:27","modified_gmt":"2019-07-25T13:21:27","slug":"bouira-lance-la-1ere-edition-du-concours-du-village-et-quartier-les-plus-propres","status":"publish","type":"post","link":"https:\/\/linitiative.ca\/International\/bouira-lance-la-1ere-edition-du-concours-du-village-et-quartier-les-plus-propres\/","title":{"rendered":"Bouira lance la 1ere \u00e9dition du concours du village et quartier les plus propres  \u00a0"},"content":{"rendered":"<div>\n<div class=\"K2FeedImage\"><img decoding=\"async\" src=\"http:\/\/www.aps.dz\/media\/k2\/items\/cache\/9460dbd06be0f1d1cd6b10f8e6b0a963_S.jpg\" alt=\"Bouira lance la 1ere \u00e9dition du concours du village et quartier les plus propres  \u00a0\"><\/div>\n<div class=\"K2FeedIntroText\">\n<p>\u00a0<strong>BOUIRA- La premi\u00e8re \u00e9dition du concours du village et quartier les plus propres de la wilaya de Bouira a \u00e9t\u00e9 lanc\u00e9e par la direction de l\u2019Environnement de la wilaya, a indiqu\u00e9 jeudi le charg\u00e9 de la\u00a0communication, Latrache Ladjel.<\/strong><\/p>\n<\/div>\n<div class=\"K2FeedFullText\">\n<p>\u00ab\u00a0Une commission technique compos\u00e9e de repr\u00e9sentants des diff\u00e9rents secteurs, a \u00e9t\u00e9 d\u00e9j\u00e0 mise sur pied pour diriger ce concours initi\u00e9 par les \u00e9lus de l\u2019Assembl\u00e9e populaire de wilaya (APW)\u00a0\u00bb, a expliqu\u00e9 M. Latrache \u00e0 l\u2019APS.<\/p>\n<p>Les inscriptions ont d\u00e9j\u00e0 d\u00e9marr\u00e9 au niveau de la direction de l\u2019environnement et elles se poursuivent jusqu\u2019\u00e0 la fin du mois d\u2019ao\u00fbt prochain, a-t-il ajout\u00e9. La m\u00eame commission a adopt\u00e9 le r\u00e8glement int\u00e9rieur de ce concours, et elle sera charg\u00e9e de visiter et d\u2019inspecter les quartiers et villages candidats \u00e0 ce concours et d\u2019\u00e9valuer leurs dossiers, \u00e0 partir du 27 octobre prochain.<\/p>\n<p>Selon les d\u00e9tails fournis par la directrice de l\u2019environnement, Mme Djouhar Hadji Haddadou, les noms des deux villages et des deux quartiers laur\u00e9ats seront connus en mois de d\u00e9cembre prochain<strong> \u00ab\u00a0Les deux villages et quartiers laur\u00e9ats de ce concours seront connus \u00e0 partir du 11 d\u00e9cembre prochain \u00e0 l\u2019occasion de la journ\u00e9e mondiale de la montagne\u00a0\u00bb,<\/strong> a pr\u00e9cis\u00e9 Mme Hadji Haddadou.<\/p>\n<p>Pour ce qui est des prix de ce concours, la m\u00eame responsable a expliqu\u00e9 que l\u2019APW avait d\u00e9cid\u00e9 de d\u00e9gager un budget de l\u2019ordre de cinq millions de dinars pour r\u00e9compenser les deux premiers quartiers (3 millions de dinars pour la premi\u00e8re place et deux millions de dinars pour la seconde), ainsi que 8 millions de dinars pour les deux premiers villages (5 millions de dinars pour le premier et trois millions pour le deuxi\u00e8me), a d\u00e9taill\u00e9 la directrice de l\u2019environnement.<\/p>\n<p>La m\u00eame responsable a appel\u00e9 tous les quartiers et villages d\u00e9sirant postuler \u00e0 ce concours \u00e0 formuler et d\u00e9poser une demande au niveau de la direction de l\u2019environnement, et \u00e0 remplir la fiche de participation.<\/p>\n<hr>\n<p>Lire aussi :\u00a0<a href=\"http:\/\/www.aps.dz\/recherche?searchword=nettoyage&#038;searchphrase=all\">\u00a0Campagne nationale de nettoiement de l&rsquo;environnement: plus de 3.000 agents mobilis\u00e9s \u00e0 Alger<\/a><\/p>\n<hr>\n<p><strong>\u00ab\u00a0Les participants \u00e0 ce concours seront not\u00e9s sur un bar\u00e8me de 100 points\u00a0\u00bb\u00a0<\/strong>Trois crit\u00e8res pour le quartier le plus propre ont \u00e9t\u00e9 retenus. Il s\u2019agit du volet de la gestion des d\u00e9chets avec 30 points, celui de la gestion des espaces verts avec 30 points et enfin de l\u2019\u00e9tat g\u00e9n\u00e9ral du quartier avec 40 points\u00a0\u00bb, a-t-elle pr\u00e9cis\u00e9.<\/p>\n<p>Six crit\u00e8res ont \u00e9galement \u00e9t\u00e9 retenus pour \u00e9valuer le village le plus propre. \u00ab\u00a0Ils concernent notamment l\u2019entretien des voies publiques avec 40 points, des places publiques avec 20 points, des fontaines avec 10 points, des cimeti\u00e8res avec 10 points, des lieux de culte et monuments avec 10\u00a0points et la gestion des d\u00e9chets avec 10 points\u00a0\u00bb, a soulign\u00e9 la directrice de l\u2019environnement.<\/p>\n<p><strong>\u00ab\u00a0Ce concours a pour objectif d\u2019inculquer la culture de solidarit\u00e9 aux no<\/strong><\/p>\n<p><strong>uvelles g\u00e9n\u00e9rations ainsi que pour promouvoir la culture de pr\u00e9servation de l\u2019environnement dans notre wilaya\u00a0\u00bb<\/strong>, a dit la m\u00eame responsable.<\/p>\n<\/div>\n<\/div>\n<p>Auteur:<br \/>\n<a href=\"http:\/\/www.aps.dz\/regions\/92448-environnement-bouira-lance-la-1ere-edition-du-concours-du-village-et-quartier-les-plus-propres\">Cliquez ici pour lire l&rsquo;article depuis sa source.<\/a><\/p>\n","protected":false},"excerpt":{"rendered":"<p>\u00a0BOUIRA- La premi\u00e8re \u00e9dition du concours du village et quartier les plus propres de la wilaya de Bouira a \u00e9t\u00e9 lanc\u00e9e par la direction de l\u2019Environnement de la wilaya, a indiqu\u00e9 jeudi le charg\u00e9 de la\u00a0communication, Latrache Ladjel. \u00ab\u00a0Une commission technique compos\u00e9e de repr\u00e9sentants des diff\u00e9rents secteurs, a \u00e9t\u00e9 d\u00e9j\u00e0 mise sur pied pour diriger [&hellip;]<\/p>\n","protected":false},"author":1790,"featured_media":48467,"comment_status":"closed","ping_status":"closed","sticky":false,"template":"","format":"standard","meta":{"fifu_image_url":"","fifu_image_alt":"","footnotes":""},"categories":[53,76],"tags":[],"class_list":["post-48466","post","type-post","status-publish","format-standard","has-post-thumbnail","hentry","category-algerie","category-regions"],"_links":{"self":[{"href":"https:\/\/linitiative.ca\/International\/wp-json\/wp\/v2\/posts\/48466","targetHints":{"allow":["GET"]}}],"collection":[{"href":"https:\/\/linitiative.ca\/International\/wp-json\/wp\/v2\/posts"}],"about":[{"href":"https:\/\/linitiative.ca\/International\/wp-json\/wp\/v2\/types\/post"}],"author":[{"embeddable":true,"href":"https:\/\/linitiative.ca\/International\/wp-json\/wp\/v2\/users\/1790"}],"replies":[{"embeddable":true,"href":"https:\/\/linitiative.ca\/International\/wp-json\/wp\/v2\/comments?post=48466"}],"version-history":[{"count":0,"href":"https:\/\/linitiative.ca\/International\/wp-json\/wp\/v2\/posts\/48466\/revisions"}],"wp:featuredmedia":[{"embeddable":true,"href":"https:\/\/linitiative.ca\/International\/wp-json\/"}],"wp:attachment":[{"href":"https:\/\/linitiative.ca\/International\/wp-json\/wp\/v2\/media?parent=48466"}],"wp:term":[{"taxonomy":"category","embeddable":true,"href":"https:\/\/linitiative.ca\/International\/wp-json\/wp\/v2\/categories?post=48466"},{"taxonomy":"post_tag","embeddable":true,"href":"https:\/\/linitiative.ca\/International\/wp-json\/wp\/v2\/tags?post=48466"}],"curies":[{"name":"wp","href":"https:\/\/api.w.org\/{rel}","templated":true}]}}