{"id":48470,"date":"2019-07-25T09:56:46","date_gmt":"2019-07-25T13:56:46","guid":{"rendered":"https:\/\/linitiative.ca\/International\/oran-la-nouvelle-aerogare-internationale-fonctionnelle-avant-lete-2020\/"},"modified":"2019-07-25T09:56:46","modified_gmt":"2019-07-25T13:56:46","slug":"oran-la-nouvelle-aerogare-internationale-fonctionnelle-avant-lete-2020","status":"publish","type":"post","link":"https:\/\/linitiative.ca\/International\/oran-la-nouvelle-aerogare-internationale-fonctionnelle-avant-lete-2020\/","title":{"rendered":"Oran: la nouvelle a\u00e9rogare internationale fonctionnelle avant l\u2019\u00e9t\u00e9 2020"},"content":{"rendered":"<div>\n<div class=\"K2FeedImage\"><img decoding=\"async\" src=\"http:\/\/www.aps.dz\/media\/k2\/items\/cache\/f79f15967f8f36cde7b38c73de39d5bc_S.jpg\" alt=\"Oran: la nouvelle a\u00e9rogare internationale fonctionnelle avant l\u2019\u00e9t\u00e9 2020\"><\/div>\n<div class=\"K2FeedIntroText\">\n<p><strong>ORAN &#8211; La nouvelle a\u00e9rogare internationale \u00ab\u00a0Ahmed Benbella\u00a0\u00bb d\u2019Oran sera op\u00e9rationnelle avant l&rsquo;\u00e9t\u00e9 prochain, a annonc\u00e9 jeudi le ministre des Travaux publics et des transports, Mustapha Kouraba.<\/strong><\/p>\n<\/div>\n<div class=\"K2FeedFullText\">\n<p>\u00ab\u00a0La nouvelle a\u00e9rogare internationale d&rsquo;Oran sera op\u00e9rationnelle avant l&rsquo;\u00e9t\u00e9 prochain. D\u00e8s la prochaine saison estivale, les passagers auront le loisir d&rsquo;appr\u00e9cier cette infrastructure moderne\u00a0\u00bb, a d\u00e9clar\u00e9 le ministre \u00e0 la presse, \u00e0 l&rsquo;issue d&rsquo;une visite qu&rsquo;il a effectu\u00e9e sur site.<\/p>\n<p>Le premier responsable du secteur a insist\u00e9 aupr\u00e8s de la soci\u00e9t\u00e9 r\u00e9alisatrice, Cosider, sur la n\u00e9cessit\u00e9 d\u2019offrir un produit de qualit\u00e9 qui r\u00e9ponde aux grands investissements consentis par l\u2019Etat pour la r\u00e9alisation de cet important projet.<\/p>\n<p>Il a en outre suivi avec int\u00e9r\u00eat l\u2019expos\u00e9 pr\u00e9sent\u00e9 par le repr\u00e9sentant de Cosider sur l\u2019\u00e9volution des travaux ayant atteint les 85%.<\/p>\n<p>M.Kouraba a not\u00e9 avec satisfaction la lev\u00e9e de toutes les contraintes qui avaient p\u00e9nalis\u00e9 la livraison du projet dans les d\u00e9lais fix\u00e9s initialement.\u00a0Compte tenu de cette nouvelle situation, il est pr\u00e9vu que les travaux de la nouvelle a\u00e9rogare soient achev\u00e9s avant la fin du premier trimestre 2020 afin de passer aux essais techniques, une op\u00e9ration n\u00e9cessitant environ deux mois, selon les explications fournies au ministre par les services comp\u00e9tents.<\/p>\n<p>Le membre du gouvernement, qui \u00e9tait accompagn\u00e9 du ministre de l\u2019habitat, de l\u2019urbanisme et de la ville, Kamel Beldjoud, a exprim\u00e9 sa satisfaction apr\u00e8s l\u2019ach\u00e8vement des travaux du nouveau parking \u00e0 \u00e9tages d\u2019une capacit\u00e9 de 1.200 places.<\/p>\n<p>La nouvelle a\u00e9rogare internationale \u00ab\u00a0Ahmed Benbella\u00a0\u00bb d\u2019Oran aura une capacit\u00e9 annuelle de traitement de 3,5 millions de passagers extensible \u00e0 6 millions, rappelle-t-on.<\/p>\n<p>Le ministre a inspect\u00e9 par la suite le projet du d\u00e9doublement de la route et des acc\u00e8s menant \u00e0 l&rsquo;a\u00e9roport d\u2019Oran au niveau de la RN 04 dont la livraison est pr\u00e9vue pour la fin septembre prochain, selon les engagements pris l\u2019entreprise r\u00e9alisatrice de ce projet.<\/p>\n<p>Par ailleurs, M. Kouraba s\u2019en enquis \u00e9galement de l\u2019avancement des travaux de r\u00e9alisation de nouveaux acc\u00e8s au complexe sportif en cours de r\u00e9alisation dans la commune de Bir El Djir, en vue de la 19e \u00e9dition des Jeux M\u00e9diterran\u00e9ens.<\/p>\n<p>Sur place, il a donn\u00e9 des instructions pour que le tout soit achev\u00e9 avant juin 2020, soit la date limite accord\u00e9e \u00e0 l\u2019entreprise chinoise (MCC) charg\u00e9e de la construction du complexe sportif en question.<\/p>\n<p>Enfin, la derni\u00e8re \u00e9tape de la visite de travail du ministre des travaux publics et des transports a \u00e9t\u00e9 le projet de r\u00e9alisation de la bretelle Port d\u2019Oran-Autoroute \u00ab\u00a0Est-Ouest\u00a0\u00bb, l\u2019un des grands projets structurants du secteur des travaux publics \u00e0 Oran.<\/p>\n<p>Ce projet a souffert pendant des mois du probl\u00e8me de l\u2019insuffisance des moyens financiers en raison des difficult\u00e9s que traverse le pays, ce qui a p\u00e9nalis\u00e9 les travaux men\u00e9s par le groupe, compos\u00e9 de la Soci\u00e9t\u00e9 turque \u00ab\u00a0Makyol\u00a0\u00bb et celle des Grands \u0153uvres d\u2019art \u00ab\u00a0ENGOA\u00a0\u00bb.<\/p>\n<p>Les cinq mis en cause ont \u00e9t\u00e9 pr\u00e9sent\u00e9s devant la justice alors que l\u2019enqu\u00eate se poursuit toujours au sujet de cette affaire, a-t-on pr\u00e9cis\u00e9 de m\u00eame source.<\/p>\n<\/div>\n<\/div>\n<p>Auteur:<br \/>\n<a href=\"http:\/\/www.aps.dz\/regions\/92454-oran-la-nouvelle-aerogare-internationale-fonctionnelle-avant-l-ete-2020\">Cliquez ici pour lire l&rsquo;article depuis sa source.<\/a><\/p>\n","protected":false},"excerpt":{"rendered":"<p>ORAN &#8211; La nouvelle a\u00e9rogare internationale \u00ab\u00a0Ahmed Benbella\u00a0\u00bb d\u2019Oran sera op\u00e9rationnelle avant l&rsquo;\u00e9t\u00e9 prochain, a annonc\u00e9 jeudi le ministre des Travaux publics et des transports, Mustapha Kouraba. \u00ab\u00a0La nouvelle a\u00e9rogare internationale d&rsquo;Oran sera op\u00e9rationnelle avant l&rsquo;\u00e9t\u00e9 prochain. D\u00e8s la prochaine saison estivale, les passagers auront le loisir d&rsquo;appr\u00e9cier cette infrastructure moderne\u00a0\u00bb, a d\u00e9clar\u00e9 le ministre [&hellip;]<\/p>\n","protected":false},"author":1790,"featured_media":48471,"comment_status":"closed","ping_status":"closed","sticky":false,"template":"","format":"standard","meta":{"fifu_image_url":"","fifu_image_alt":"","footnotes":""},"categories":[53,76],"tags":[],"class_list":["post-48470","post","type-post","status-publish","format-standard","has-post-thumbnail","hentry","category-algerie","category-regions"],"_links":{"self":[{"href":"https:\/\/linitiative.ca\/International\/wp-json\/wp\/v2\/posts\/48470","targetHints":{"allow":["GET"]}}],"collection":[{"href":"https:\/\/linitiative.ca\/International\/wp-json\/wp\/v2\/posts"}],"about":[{"href":"https:\/\/linitiative.ca\/International\/wp-json\/wp\/v2\/types\/post"}],"author":[{"embeddable":true,"href":"https:\/\/linitiative.ca\/International\/wp-json\/wp\/v2\/users\/1790"}],"replies":[{"embeddable":true,"href":"https:\/\/linitiative.ca\/International\/wp-json\/wp\/v2\/comments?post=48470"}],"version-history":[{"count":0,"href":"https:\/\/linitiative.ca\/International\/wp-json\/wp\/v2\/posts\/48470\/revisions"}],"wp:featuredmedia":[{"embeddable":true,"href":"https:\/\/linitiative.ca\/International\/wp-json\/"}],"wp:attachment":[{"href":"https:\/\/linitiative.ca\/International\/wp-json\/wp\/v2\/media?parent=48470"}],"wp:term":[{"taxonomy":"category","embeddable":true,"href":"https:\/\/linitiative.ca\/International\/wp-json\/wp\/v2\/categories?post=48470"},{"taxonomy":"post_tag","embeddable":true,"href":"https:\/\/linitiative.ca\/International\/wp-json\/wp\/v2\/tags?post=48470"}],"curies":[{"name":"wp","href":"https:\/\/api.w.org\/{rel}","templated":true}]}}