{"id":48475,"date":"2019-07-25T14:00:39","date_gmt":"2019-07-25T18:00:39","guid":{"rendered":"https:\/\/linitiative.ca\/International\/92473-can-2019-tizi-ouzou-honore-youcef-atal-et-hakim-medane\/"},"modified":"2019-07-25T14:00:39","modified_gmt":"2019-07-25T18:00:39","slug":"92473-can-2019-tizi-ouzou-honore-youcef-atal-et-hakim-medane","status":"publish","type":"post","link":"https:\/\/linitiative.ca\/International\/92473-can-2019-tizi-ouzou-honore-youcef-atal-et-hakim-medane\/","title":{"rendered":"CAN-2019: Tizi-Ouzou honore Youcef Atal et Hakim Medane"},"content":{"rendered":"<div>\n<div class=\"K2FeedIntroText\">\n<p><strong>TIZI-OUZOU &#8211; La wilaya de Tizi-Ouzou a honor\u00e9, jeudi, le joueur de la s\u00e9lection nationale Youcef Atal et le manager g\u00e9n\u00e9ral des \u00ab\u00a0Verts\u00a0\u00bb, Hakim Medane, deux enfants de la r\u00e9gion, pour l\u2019exploit r\u00e9alis\u00e9 lors de la Coupe d\u2019Afrique des nations (CAN 2019).<\/strong><\/p>\n<\/div>\n<div class=\"K2FeedFullText\">\n<p>Lors de cette c\u00e9r\u00e9monie qui s\u2019est d\u00e9roul\u00e9e au si\u00e8ge de la wilaya en pr\u00e9sence des autorit\u00e9s locales, le wali Mahmoud Djamaa\u00a0 a rendu un vibrant hommage \u00e0 Atal, natif du village Tala Ouguelid dans la commune de Mechtras et qui a fait ses d\u00e9buts chez la JS Kabylie.<\/p>\n<p>\u00ab\u00a0Cette victoire a montr\u00e9 que l\u2019Alg\u00e9rie rec\u00e8le de grands joueurs\u00a0\u00bb, a-t-il ajout\u00e9.<\/p>\n<p>Pour sa part, Youcef Atal a remerci\u00e9 les supporters qui ont cru en l\u2019\u00e9quipe nationale, avant de promettre : <em><strong>\u00ab\u00a0Nous allons continuer a travailler davantage pour r\u00e9aliser d\u2019autres sacres et offrir plus de joie \u00e0 ce peuple\u00a0\u00bb<\/strong><\/em>.\u00a0\u00a0\u00a0\u00a0\u00a0\u00a0\u00a0<\/p>\n<p>A propos de sa blessure \u00e0 la clavicule, il a relev\u00e9 que ce n\u2019\u00e9tait pas facile pour lui d\u2019arr\u00eater en demi-finales mais l\u2019important est que l\u2019objectif a \u00e9t\u00e9 atteint en remportant le troph\u00e9e. Il reprendra du service \u00ab\u00a0dans une dizaine de jours\u00a0\u00bb, a-t-il annonc\u00e9.<\/p>\n<hr>\n<p><a href=\"http:\/\/www.aps.dz\/sport\/92395-football-oran-produira-d-autres-belaili-et-bounedjah-si-on-lui-donne-plus-de-moyens\">Lire aussi :\u00a0Football : \u00ab\u00a0Oran produira d\u2019autres Bela\u00efli et Bounedjah si on lui donne plus de moyens\u00a0\u00bb \u00a0<\/a><\/p>\n<hr>\n<p>Pour sa part, Hakim Medane a d\u00e9clar\u00e9 que \u00ab\u00a0c\u2019\u00e9tait un exploit de revenir d\u2019Egypte avec la Coupe d\u2019Afrique\u00a0\u00bb. Il a remerci\u00e9 le staff technique de la s\u00e9lection nationale, \u00e0 sa t\u00eate Djamel Belmadi, <em><strong>\u00ab\u00a0qui a su tirer le meilleur des joueurs, ces derniers qui ont donn\u00e9 le meilleur d\u2019eux-m\u00eames et la F\u00e9d\u00e9ration alg\u00e9rienne de football qui a mobilis\u00e9 tous les moyens n\u00e9cessaires pour mettre l\u2019\u00e9quipe dans de tr\u00e8s bonnes conditions et se pr\u00e9parer convenablement\u00a0\u00bb<\/strong><\/em>.<\/p>\n<p>\u00ab\u00a0Belmadi a commenc\u00e9 \u00e0 pr\u00e9parer cette r\u00e9ussite depuis janvier, en entamant les stages et en \u00e9tablissant un programme de pr\u00e9paration avant m\u00eame que le tirage au sort ne soit effectu\u00e9. Nous avons d\u00e9croch\u00e9 une deuxi\u00e8me \u00e9toile et c\u2019est un honneur pour nous d\u2019avoir servi notre pays\u00a0\u00bb, a-t-il dit.<\/p>\n<p>\u00a0<\/p>\n<p>\u00a0<\/p>\n<p>\u00a0<\/p>\n<\/div>\n<p><img loading=\"lazy\" decoding=\"async\" src=\"http:\/\/feeds.feedburner.com\/~r\/aps-sport\/~4\/9tX0LP2voiM\" height=\"1\" width=\"1\" alt=\"\"><\/div>\n<p>Auteur:<br \/>\n<a href=\"http:\/\/www.aps.dz\/sport\/92473-can-2019-tizi-ouzou-honore-youcef-atal-et-hakim-medane?utm_source=feedburner&#038;utm_medium=feed&#038;utm_campaign=Feed%3A+aps-sport+%28APS+-+SPORT%29\">Cliquez ici pour lire l&rsquo;article depuis sa source.<\/a><\/p>\n","protected":false},"excerpt":{"rendered":"<p>TIZI-OUZOU &#8211; La wilaya de Tizi-Ouzou a honor\u00e9, jeudi, le joueur de la s\u00e9lection nationale Youcef Atal et le manager g\u00e9n\u00e9ral des \u00ab\u00a0Verts\u00a0\u00bb, Hakim Medane, deux enfants de la r\u00e9gion, pour l\u2019exploit r\u00e9alis\u00e9 lors de la Coupe d\u2019Afrique des nations (CAN 2019). Lors de cette c\u00e9r\u00e9monie qui s\u2019est d\u00e9roul\u00e9e au si\u00e8ge de la wilaya en [&hellip;]<\/p>\n","protected":false},"author":1790,"featured_media":0,"comment_status":"closed","ping_status":"closed","sticky":false,"template":"","format":"standard","meta":{"fifu_image_url":"","fifu_image_alt":"","footnotes":""},"categories":[53,75],"tags":[],"class_list":["post-48475","post","type-post","status-publish","format-standard","hentry","category-algerie","category-sport"],"_links":{"self":[{"href":"https:\/\/linitiative.ca\/International\/wp-json\/wp\/v2\/posts\/48475","targetHints":{"allow":["GET"]}}],"collection":[{"href":"https:\/\/linitiative.ca\/International\/wp-json\/wp\/v2\/posts"}],"about":[{"href":"https:\/\/linitiative.ca\/International\/wp-json\/wp\/v2\/types\/post"}],"author":[{"embeddable":true,"href":"https:\/\/linitiative.ca\/International\/wp-json\/wp\/v2\/users\/1790"}],"replies":[{"embeddable":true,"href":"https:\/\/linitiative.ca\/International\/wp-json\/wp\/v2\/comments?post=48475"}],"version-history":[{"count":0,"href":"https:\/\/linitiative.ca\/International\/wp-json\/wp\/v2\/posts\/48475\/revisions"}],"wp:attachment":[{"href":"https:\/\/linitiative.ca\/International\/wp-json\/wp\/v2\/media?parent=48475"}],"wp:term":[{"taxonomy":"category","embeddable":true,"href":"https:\/\/linitiative.ca\/International\/wp-json\/wp\/v2\/categories?post=48475"},{"taxonomy":"post_tag","embeddable":true,"href":"https:\/\/linitiative.ca\/International\/wp-json\/wp\/v2\/tags?post=48475"}],"curies":[{"name":"wp","href":"https:\/\/api.w.org\/{rel}","templated":true}]}}