{"id":48476,"date":"2019-07-25T13:36:18","date_gmt":"2019-07-25T17:36:18","guid":{"rendered":"https:\/\/linitiative.ca\/International\/92474-cyclisme-challenge-international-du-maroc-victoire-de-youcef-reguigui\/"},"modified":"2019-07-25T13:36:18","modified_gmt":"2019-07-25T17:36:18","slug":"92474-cyclisme-challenge-international-du-maroc-victoire-de-youcef-reguigui","status":"publish","type":"post","link":"https:\/\/linitiative.ca\/International\/92474-cyclisme-challenge-international-du-maroc-victoire-de-youcef-reguigui\/","title":{"rendered":"Cyclisme\/Challenge international du Maroc: victoire de Youcef Reguigui"},"content":{"rendered":"<div>\n<div class=\"K2FeedImage\"><img decoding=\"async\" src=\"http:\/\/www.aps.dz\/media\/k2\/items\/cache\/b6e4f24b2ce4980c07344e0af29aeb69_S.jpg\" alt=\"Cyclisme\/Challenge international du Maroc: victoire de Youcef Reguigui\"><\/div>\n<div class=\"K2FeedIntroText\">\n<p><strong>RABAT &#8211; Le coureur cycliste alg\u00e9rien Youcef Reguigui a remport\u00e9 la 2e \u00e9tape du 9e challenge international du Maroc, disput\u00e9 mercredi, sur une distance de 50 km, avec un temps de 44 mn 55 sec.<\/strong><\/p>\n<\/div>\n<div class=\"K2FeedFullText\">\n<p>La seconde place est revenue \u00e0\u00a0 l&rsquo;Azerbaidjanais Asadov Elchin, tandis que le Sud-africain Klint Hendricks s&rsquo;est content\u00e9 de la 3e place.<\/p>\n<p>\u00a0\u00bbC\u2019est pratiquement une \u00e9tape atypique que celle disput\u00e9e mercredi par les coureurs et les organisateurs dans des conditions qualifi\u00e9es d\u2019extr\u00eames\u2019\u2019, a indiqu\u00e9 l\u2019entra\u00eeneur national Cherif Merabet \u00e0 la page facebook de la F\u00e9d\u00e9ration alg\u00e9rienne de cyclisme.<\/p>\n<p>Selon la m\u00eame source, le pr\u00e9sident du jury et les commissaires en concertation avec les directeurs sportifs des \u00e9quipes participantes ont d\u00e9cid\u00e9 d\u2019un commun accord d\u2019arr\u00eater la course avant d\u2019opter pour sa reprise \u00e0 cause la canicule et des temp\u00e9ratures vacillant entre 48 et 49 degr\u00e9s.<\/p>\n<p>\u00a0\u00bbL\u2019\u00e9tape a \u00e9t\u00e9 r\u00e9duite \u00e0 50 km apr\u00e8s le transbordement des cyclistes sur pr\u00e8s de 56 km\u00a0\u00bb, a ajout\u00e9 la m\u00eame source et d&rsquo;encha\u00eener: \u2018\u2019Apr\u00e8s le d\u00e9part de la course, nous avons d\u00e9cid\u00e9 d\u2019attaquer d\u00e8s le coup d\u2019envoi en raison du vent variable et chaud qui soufflait et pour tenter d\u2019imposer notre rythme. Nous avons aussi opt\u00e9 pour la bordure pour cr\u00e9er des espaces et faire \u00e9clater le peloton et c\u2019est ce que nous avons r\u00e9ussi \u00e0 faire\u2019\u2019.<\/p>\n<p>La derni\u00e8re \u00e9tape se d\u00e9roule ce\u00a0 jeudi entre : Fkih Ben Saleh &#8211; Fkih Ben Saleh sur 140 kms via Kasbah Tadla &#8211; Beja\u00e2d &#8211; Oued Zem et Retour \u00e0 Fkih Ben Saleh.<\/p>\n<\/div>\n<p><img loading=\"lazy\" decoding=\"async\" src=\"http:\/\/feeds.feedburner.com\/~r\/aps-sport\/~4\/1G-eJG0pcgk\" height=\"1\" width=\"1\" alt=\"\"><\/div>\n<p>Auteur:<br \/>\n<a href=\"http:\/\/www.aps.dz\/sport\/92474-cyclisme-challenge-international-du-maroc-victoire-de-youcef-reguigui?utm_source=feedburner&#038;utm_medium=feed&#038;utm_campaign=Feed%3A+aps-sport+%28APS+-+SPORT%29\">Cliquez ici pour lire l&rsquo;article depuis sa source.<\/a><\/p>\n","protected":false},"excerpt":{"rendered":"<p>RABAT &#8211; Le coureur cycliste alg\u00e9rien Youcef Reguigui a remport\u00e9 la 2e \u00e9tape du 9e challenge international du Maroc, disput\u00e9 mercredi, sur une distance de 50 km, avec un temps de 44 mn 55 sec. La seconde place est revenue \u00e0\u00a0 l&rsquo;Azerbaidjanais Asadov Elchin, tandis que le Sud-africain Klint Hendricks s&rsquo;est content\u00e9 de la 3e [&hellip;]<\/p>\n","protected":false},"author":1790,"featured_media":48477,"comment_status":"closed","ping_status":"closed","sticky":false,"template":"","format":"standard","meta":{"fifu_image_url":"","fifu_image_alt":"","footnotes":""},"categories":[53,75],"tags":[],"class_list":["post-48476","post","type-post","status-publish","format-standard","has-post-thumbnail","hentry","category-algerie","category-sport"],"_links":{"self":[{"href":"https:\/\/linitiative.ca\/International\/wp-json\/wp\/v2\/posts\/48476","targetHints":{"allow":["GET"]}}],"collection":[{"href":"https:\/\/linitiative.ca\/International\/wp-json\/wp\/v2\/posts"}],"about":[{"href":"https:\/\/linitiative.ca\/International\/wp-json\/wp\/v2\/types\/post"}],"author":[{"embeddable":true,"href":"https:\/\/linitiative.ca\/International\/wp-json\/wp\/v2\/users\/1790"}],"replies":[{"embeddable":true,"href":"https:\/\/linitiative.ca\/International\/wp-json\/wp\/v2\/comments?post=48476"}],"version-history":[{"count":0,"href":"https:\/\/linitiative.ca\/International\/wp-json\/wp\/v2\/posts\/48476\/revisions"}],"wp:featuredmedia":[{"embeddable":true,"href":"https:\/\/linitiative.ca\/International\/wp-json\/"}],"wp:attachment":[{"href":"https:\/\/linitiative.ca\/International\/wp-json\/wp\/v2\/media?parent=48476"}],"wp:term":[{"taxonomy":"category","embeddable":true,"href":"https:\/\/linitiative.ca\/International\/wp-json\/wp\/v2\/categories?post=48476"},{"taxonomy":"post_tag","embeddable":true,"href":"https:\/\/linitiative.ca\/International\/wp-json\/wp\/v2\/tags?post=48476"}],"curies":[{"name":"wp","href":"https:\/\/api.w.org\/{rel}","templated":true}]}}