{"id":48478,"date":"2019-07-25T14:43:40","date_gmt":"2019-07-25T18:43:40","guid":{"rendered":"https:\/\/linitiative.ca\/International\/92479-cyclisme-challenge-du-maroc-3e-et-derniere-etape-youcef-reguigui-vainqueur\/"},"modified":"2019-07-25T14:43:40","modified_gmt":"2019-07-25T18:43:40","slug":"92479-cyclisme-challenge-du-maroc-3e-et-derniere-etape-youcef-reguigui-vainqueur","status":"publish","type":"post","link":"https:\/\/linitiative.ca\/International\/92479-cyclisme-challenge-du-maroc-3e-et-derniere-etape-youcef-reguigui-vainqueur\/","title":{"rendered":"Cyclisme\/Challenge du Maroc (3e et derni\u00e8re \u00e9tape): Youcef Reguigui vainqueur"},"content":{"rendered":"<div>\n<div class=\"K2FeedImage\"><img decoding=\"async\" src=\"http:\/\/www.aps.dz\/media\/k2\/items\/cache\/5bd2aac6f2c62789e82def4beb7ac3a6_S.jpg\" alt=\"Cyclisme\/Challenge du Maroc (3e et derni\u00e8re \u00e9tape): Youcef Reguigui vainqueur\"><\/div>\n<div class=\"K2FeedIntroText\">\n<p><strong>RABAT &#8211; Le cycliste alg\u00e9rien Youcef Reguigui a remport\u00e9 la 3e et derni\u00e8re \u00e9tape du 9e challenge du Prince Moulay El Hassan du Maroc, disput\u00e9e jeudi sur une distance de 140 km.<\/strong><\/p>\n<\/div>\n<div class=\"K2FeedFullText\">\n<p>L&rsquo;Alg\u00e9rien a franchi la ligne d&rsquo;arriv\u00e9e de la course courue entre Fkih Ben Saleh, via Kasbah Tadla- Beja\u00e2d et Oued Zem, dans le temps de 3h40.50, devant le Sud-africain, Julius Jayde et l&rsquo;Az\u00e9ri Asadov Elchin, cr\u00e9dit\u00e9s du m\u00eame temps.<\/p>\n<hr>\n<h3>Lire aussi:\u00a0<a href=\"http:\/\/www.aps.dz\/sport\/92474-cyclisme-challenge-international-du-maroc-victoire-de-youcef-reguigui\" target=\"_blank\" rel=\"noopener noreferrer\">Cyclisme\/Challenge international du Maroc: victoire de Youcef Reguigui<\/a><\/h3>\n<hr>\n<p>C&rsquo;est la deuxi\u00e8me victoire d&rsquo;\u00e9tape de Youcef Reguigui qui vient par la m\u00eame occasion glaner 50 points suppl\u00e9mentaires pour l&rsquo;Alg\u00e9rie au classement Africa-Tour, en vue d&rsquo;une qualification aux Jeux olympiques 2020 de Tokyo.<\/p>\n<p>La s\u00e9lection alg\u00e9rienne a pris part au Challenge international du Maroc avec six coureurs sous la conduite de l&rsquo;entra\u00eeneur Ch\u00e9rif Merabet : Youcef Reguigui, Lagab Azzedine, Mansouri Abderahmane, Islam Mansouri, Saidi Nassim et Hamza Yacine.<\/p>\n<\/div>\n<p><img loading=\"lazy\" decoding=\"async\" src=\"http:\/\/feeds.feedburner.com\/~r\/aps-sport\/~4\/5Zhc-ctK-TY\" height=\"1\" width=\"1\" alt=\"\"><\/div>\n<p>Auteur:<br \/>\n<a href=\"http:\/\/www.aps.dz\/sport\/92479-cyclisme-challenge-du-maroc-3e-et-derniere-etape-youcef-reguigui-vainqueur?utm_source=feedburner&#038;utm_medium=feed&#038;utm_campaign=Feed%3A+aps-sport+%28APS+-+SPORT%29\">Cliquez ici pour lire l&rsquo;article depuis sa source.<\/a><\/p>\n","protected":false},"excerpt":{"rendered":"<p>RABAT &#8211; Le cycliste alg\u00e9rien Youcef Reguigui a remport\u00e9 la 3e et derni\u00e8re \u00e9tape du 9e challenge du Prince Moulay El Hassan du Maroc, disput\u00e9e jeudi sur une distance de 140 km. L&rsquo;Alg\u00e9rien a franchi la ligne d&rsquo;arriv\u00e9e de la course courue entre Fkih Ben Saleh, via Kasbah Tadla- Beja\u00e2d et Oued Zem, dans le [&hellip;]<\/p>\n","protected":false},"author":1790,"featured_media":48479,"comment_status":"closed","ping_status":"closed","sticky":false,"template":"","format":"standard","meta":{"fifu_image_url":"","fifu_image_alt":"","footnotes":""},"categories":[53,75],"tags":[],"class_list":["post-48478","post","type-post","status-publish","format-standard","has-post-thumbnail","hentry","category-algerie","category-sport"],"_links":{"self":[{"href":"https:\/\/linitiative.ca\/International\/wp-json\/wp\/v2\/posts\/48478","targetHints":{"allow":["GET"]}}],"collection":[{"href":"https:\/\/linitiative.ca\/International\/wp-json\/wp\/v2\/posts"}],"about":[{"href":"https:\/\/linitiative.ca\/International\/wp-json\/wp\/v2\/types\/post"}],"author":[{"embeddable":true,"href":"https:\/\/linitiative.ca\/International\/wp-json\/wp\/v2\/users\/1790"}],"replies":[{"embeddable":true,"href":"https:\/\/linitiative.ca\/International\/wp-json\/wp\/v2\/comments?post=48478"}],"version-history":[{"count":0,"href":"https:\/\/linitiative.ca\/International\/wp-json\/wp\/v2\/posts\/48478\/revisions"}],"wp:featuredmedia":[{"embeddable":true,"href":"https:\/\/linitiative.ca\/International\/wp-json\/"}],"wp:attachment":[{"href":"https:\/\/linitiative.ca\/International\/wp-json\/wp\/v2\/media?parent=48478"}],"wp:term":[{"taxonomy":"category","embeddable":true,"href":"https:\/\/linitiative.ca\/International\/wp-json\/wp\/v2\/categories?post=48478"},{"taxonomy":"post_tag","embeddable":true,"href":"https:\/\/linitiative.ca\/International\/wp-json\/wp\/v2\/tags?post=48478"}],"curies":[{"name":"wp","href":"https:\/\/api.w.org\/{rel}","templated":true}]}}