{"id":48483,"date":"2019-07-25T13:18:00","date_gmt":"2019-07-25T17:18:00","guid":{"rendered":"https:\/\/linitiative.ca\/International\/youssef-chahed-beji-caid-essebsi-un-veritable-militant-patriotique-et-un-grand-homme-detat\/"},"modified":"2019-07-25T13:18:00","modified_gmt":"2019-07-25T17:18:00","slug":"youssef-chahed-beji-caid-essebsi-un-veritable-militant-patriotique-et-un-grand-homme-detat","status":"publish","type":"post","link":"https:\/\/linitiative.ca\/International\/youssef-chahed-beji-caid-essebsi-un-veritable-militant-patriotique-et-un-grand-homme-detat\/","title":{"rendered":"Youssef Chahed : B\u00e9ji Ca\u00efd Essebsi, un v\u00e9ritable militant patriotique et un grand homme d\u2019Etat"},"content":{"rendered":"<p>Respesctant le deuil officiel, le chef du gouvernement, Youssef Chahed n&rsquo;a pas manqu\u00e9 de poster un statut sur sa page facebook, rendant un vibrant hommage au pr\u00e9sident Ca\u00efd Essebsi. \u00ab\u00a0Le pr\u00e9sident de la R\u00e9publique, B\u00e9ji Ca\u00efd Essebis nous a quitt\u00e9, y \u00e9crit-il. Avec sa disaprition, la Tunisie perd en lui un v\u00e9ritable militant patriotique, un homme d&rsquo;\u00c9tat qui s&rsquo;est donn\u00e9 toute sa vie durant \u00e0 l&rsquo;action nationale. Le pr\u00e9sident Ca\u00efd Essebsi a jou\u00e9 un r\u00f4le central et crucial dans la r\u00e9ussite de la transition d\u00e9mocratique de notre pays. J&rsquo;ai eu le privil\u00e8ge de travailler avec lui en cette p\u00e9riode sensible de l&rsquo;histoire de notre pays. Et j\u2019ai pu conna\u00eetre \u00e0 cette occasion de pr\u00e8s son attachement profond \u00e0 la Tunisie et \u00e0 faire pr\u00e9valoir ses int\u00e9r\u00eats. En cette cette douloureuse \u00e9preuve, j&rsquo;appelle notre peuple \u00e0 faire preuve de plus d\u2019unit\u00e9 au service de l\u2019int\u00e9r\u00eat sup\u00e9rieur de la nation, \u00e0 se conformer aux dispositions constitutionnelles et \u00e0 se rassembler en soutien des institutions de l\u2019Etat.\u00a0\u00bb<\/p>\n<p>A noter que le chef du gouvernement a d\u00e9cr\u00e9t\u00e9 un deuil national de 7 jours, la mise en berne du drapeau national sur les b\u00e2timents officiels et la suspension de toutes les festivit\u00e9s culturelles et autres jusqu\u2019\u00e0 nouvel ordre.<\/p>\n<p><strong>Lire aussi<\/strong><\/p>\n<p><a href=\"https:\/\/www.leaders.com.tn\/article\/27572-exclusif-caid-essebsi-je-sais-que-je-suis-sur-le-depart-je-n-ai-pas-l-excuse-de-l-ignorance\" target=\"_blank\" rel=\"noopener noreferrer\">Exclusif &#8211; Ca\u00efd Essebsi : \u00ab Je sais que je suis sur le d\u00e9part, je n\u2019ai pas l\u2019excuse de l\u2019ignorance ! \u00bb<\/a><br \/><a href=\"https:\/\/www.leaders.com.tn\/article\/27571-mohamed-ennaceur\" target=\"_blank\" rel=\"noopener noreferrer\">Mohamed Ennaceur assurera l\u2019int\u00e9rim de Pr\u00e9sident de la R\u00e9publique<\/a><\/p>\n<p><a href=\"https:\/\/www.leaders.com.tn\/article\/27573-document-l-hommage-de-la-sorbonne-a-beji-caid-essebsi\" target=\"_blank\" rel=\"noopener noreferrer\">Document : L\u2019hommage de la Sorbonne \u00e0 B\u00e9ji Ca\u00efd Essebsi (Photos et vid\u00e9o)<\/a><\/p>\n<p><a href=\"https:\/\/www.leaders.com.tn\/article\/27570-le-president-beji-caid-essebsi-est-decede-la-tunisie-perd-un-grand-leader\" target=\"_blank\" rel=\"noopener noreferrer\">Le pr\u00e9sident B\u00e9ji Ca\u00efd Essebsi est d\u00e9c\u00e9d\u00e9 : La Tunisie perd un grand leader<\/a><\/p>\n<p><a href=\"https:\/\/www.leaders.com.tn\/article\/27575-abdelaziz-kacem-j-aimais-en-beji-caid-essebsi-sa-culture-son-raffinement\" target=\"_blank\" rel=\"noopener noreferrer\">Abdelaziz Kacem : J\u2019aimais en B\u00e9ji Ca\u00efd Essebsi, sa culture, son raffinement<\/a><\/p>\n<p><a href=\"https:\/\/www.leaders.com.tn\/article\/27574-beli-caid-essebsi-le-pere-de-la-democratie-tunisienne\" target=\"_blank\" rel=\"noopener noreferrer\">B\u00e9ji Ca\u00efd Essebsi, le p\u00e8re de la d\u00e9mocratie tunisienne<\/a><\/p>\n<p><a href=\"https:\/\/www.leaders.com.tn\/article\/27580-yadh-ben-achour-il-faut-reconnaitre-au-president-beji-caid-essebsi-le-merite-d-avoir-sauve-la-tunisie-d-un-certain-nombre-de-perils\" target=\"_blank\" rel=\"noopener noreferrer\">Yadh Ben Achour : il faut reconna\u00eetre au pr\u00e9sident B\u00e9ji Ca\u00efd Essebsi le m\u00e9rite d\u2019avoir sauv\u00e9 la Tunisie d\u2019un certain nombre de p\u00e9rils<\/a><br \/><a href=\"https:\/\/www.leaders.com.tn\/article\/27578-pris-par-l-emotion-mohamed-ennaceur-prete-serment-la-continuite-de-l-etat-assuree\" target=\"_blank\" rel=\"noopener noreferrer\">Pris par l\u2019\u00e9motion, Mohamed Ennaceur pr\u00eate serment, la continuit\u00e9 de l&rsquo;Etat, assur\u00e9e<\/a><\/p>\n<p><a href=\"https:\/\/www.leaders.com.tn\/article\/27577-la-diplomatie-tunisienne-en-deuil-hommage-a-caid-essebsi-et-report-de-la-conference-des-ambassadeurs\">La diplomatie tunisienne en deuil : Hommage \u00e0 Ca\u00efd Essebsi et report de la conf\u00e9rence des ambassadeurs<\/a><\/p>\n<p>Auteur:<br \/>\n<a href=\"https:\/\/www.leaders.com.tn\/article\/27579-youssef-chahed-beji-caid-essebsi-un-veritable-militant-patriotique-et-un-grand-homme-d-etat\">Cliquez ici pour lire l&rsquo;article depuis sa source.<\/a><\/p>\n","protected":false},"excerpt":{"rendered":"<p>Respesctant le deuil officiel, le chef du gouvernement, Youssef Chahed n&rsquo;a pas manqu\u00e9 de poster un statut sur sa page facebook, rendant un vibrant hommage au pr\u00e9sident Ca\u00efd Essebsi. \u00ab\u00a0Le pr\u00e9sident de la R\u00e9publique, B\u00e9ji Ca\u00efd Essebis nous a quitt\u00e9, y \u00e9crit-il. Avec sa disaprition, la Tunisie perd en lui un v\u00e9ritable militant patriotique, un [&hellip;]<\/p>\n","protected":false},"author":1772,"featured_media":0,"comment_status":"closed","ping_status":"closed","sticky":false,"template":"","format":"standard","meta":{"fifu_image_url":"","fifu_image_alt":"","footnotes":""},"categories":[73,55],"tags":[],"class_list":["post-48483","post","type-post","status-publish","format-standard","hentry","category-actualite","category-tunisie"],"_links":{"self":[{"href":"https:\/\/linitiative.ca\/International\/wp-json\/wp\/v2\/posts\/48483","targetHints":{"allow":["GET"]}}],"collection":[{"href":"https:\/\/linitiative.ca\/International\/wp-json\/wp\/v2\/posts"}],"about":[{"href":"https:\/\/linitiative.ca\/International\/wp-json\/wp\/v2\/types\/post"}],"author":[{"embeddable":true,"href":"https:\/\/linitiative.ca\/International\/wp-json\/wp\/v2\/users\/1772"}],"replies":[{"embeddable":true,"href":"https:\/\/linitiative.ca\/International\/wp-json\/wp\/v2\/comments?post=48483"}],"version-history":[{"count":0,"href":"https:\/\/linitiative.ca\/International\/wp-json\/wp\/v2\/posts\/48483\/revisions"}],"wp:attachment":[{"href":"https:\/\/linitiative.ca\/International\/wp-json\/wp\/v2\/media?parent=48483"}],"wp:term":[{"taxonomy":"category","embeddable":true,"href":"https:\/\/linitiative.ca\/International\/wp-json\/wp\/v2\/categories?post=48483"},{"taxonomy":"post_tag","embeddable":true,"href":"https:\/\/linitiative.ca\/International\/wp-json\/wp\/v2\/tags?post=48483"}],"curies":[{"name":"wp","href":"https:\/\/api.w.org\/{rel}","templated":true}]}}