{"id":48484,"date":"2019-07-25T13:58:00","date_gmt":"2019-07-25T17:58:00","guid":{"rendered":"https:\/\/linitiative.ca\/International\/yadh-ben-achour-il-faut-reconnaitre-au-president-beji-caid-essebsi-le-merite-davoir-sauve-la-tunisie-dun-certain-nombre-de-perils\/"},"modified":"2019-07-25T13:58:00","modified_gmt":"2019-07-25T17:58:00","slug":"yadh-ben-achour-il-faut-reconnaitre-au-president-beji-caid-essebsi-le-merite-davoir-sauve-la-tunisie-dun-certain-nombre-de-perils","status":"publish","type":"post","link":"https:\/\/linitiative.ca\/International\/yadh-ben-achour-il-faut-reconnaitre-au-president-beji-caid-essebsi-le-merite-davoir-sauve-la-tunisie-dun-certain-nombre-de-perils\/","title":{"rendered":"Yadh Ben     Achour : il faut reconna\u00eetre au pr\u00e9sident B\u00e9ji Ca\u00efd Essebsi le m\u00e9rite d\u2019avoir sauv\u00e9 la Tunisie d\u2019un certain nombre de p\u00e9rils"},"content":{"rendered":"<p>B.C.E. nous quitte. Il fallait que sa mort tombe un 25 juillet. Rien ne pouvait autant lui seoir que ce signe du destin. L\u2019humour pouss\u00e9 jusqu\u2019\u00e0 la cime\u00a0!<\/p>\n<p>Homme de l\u2019ind\u00e9pendance, donc d\u2019une \u00e8re r\u00e9volue, Il aura pourtant fortement occup\u00e9 la sc\u00e8ne politique postr\u00e9volutionnaire \u00e0 partir de 2011. En tant que responsable politique, l\u2019histoire aura tout le temps de juger son action. Cependant, qu\u2019on fasse partie de ses amis ou de ses adversaires, il faut lui reconna\u00eetre le m\u00e9rite d\u2019avoir sauv\u00e9 la Tunisie d\u2019un certain nombre de p\u00e9rils qui la mena\u00e7aient au cours de ces derni\u00e8res ann\u00e9es. En juin 2011, il mit fin \u00e0 la lancinante crise provoqu\u00e9e par l\u2019ajournement des \u00e9lections pour l\u2019ANC.<\/p>\n<p>En 2012, il lan\u00e7a les voies de l\u2019alternance qui se concr\u00e9tisera lors des \u00e9lections de 2014. L\u2019alternance est le vrai secret de la d\u00e9mocratie. Il trouva une formule magique, \u00ab\u00a0un \u00c9tat civil, pour un peuple musulman\u00a0\u00bb, pour \u00e0 la fois r\u00e9concilier les Tunisiens avec eux-m\u00eames et gagner le pari de la s\u00e9cularisation contre les men\u00e9es th\u00e9ocratiques. En votant pour ce slogan, les \u00e9lecteurs en 2014 ratifi\u00e8rent ce choix de soci\u00e9t\u00e9. Homme de compromis, il sut n\u00e9gocier avec un parti dont il \u00e9tait tr\u00e8s loin de partager l\u2019id\u00e9ologie, des formules de gouvernement conjoint qui, malgr\u00e9 tout, nous assur\u00e8rent une certaine stabilit\u00e9.<\/p>\n<p>L\u2019homme disparu, revenons \u00e0 nous m\u00eame\u00a0! Je ne doute pas que les Tunisiens sauront sortir du creux de la vague. On en a vu des pires\u00a0! Cela<br \/>sera le meilleur des hommages pour BCE.<\/p>\n<p><strong>Lire aussi<\/strong><\/p>\n<p><a href=\"https:\/\/www.leaders.com.tn\/article\/27572-exclusif-caid-essebsi-je-sais-que-je-suis-sur-le-depart-je-n-ai-pas-l-excuse-de-l-ignorance\" target=\"_blank\" rel=\"noopener noreferrer\">Exclusif &#8211; Ca\u00efd Essebsi : \u00ab Je sais que je suis sur le d\u00e9part, je n\u2019ai pas l\u2019excuse de l\u2019ignorance ! \u00bb<\/a><br \/><a href=\"https:\/\/www.leaders.com.tn\/article\/27571-mohamed-ennaceur\" target=\"_blank\" rel=\"noopener noreferrer\">Mohamed Ennaceur assurera l\u2019int\u00e9rim de Pr\u00e9sident de la R\u00e9publique<\/a><\/p>\n<p><a href=\"https:\/\/www.leaders.com.tn\/article\/27573-document-l-hommage-de-la-sorbonne-a-beji-caid-essebsi\" target=\"_blank\" rel=\"noopener noreferrer\">Document : L\u2019hommage de la Sorbonne \u00e0 B\u00e9ji Ca\u00efd Essebsi (Photos et vid\u00e9o)<\/a><\/p>\n<p><a href=\"https:\/\/www.leaders.com.tn\/article\/27570-le-president-beji-caid-essebsi-est-decede-la-tunisie-perd-un-grand-leader\" target=\"_blank\" rel=\"noopener noreferrer\">Le pr\u00e9sident B\u00e9ji Ca\u00efd Essebsi est d\u00e9c\u00e9d\u00e9 : La Tunisie perd un grand leader<\/a><\/p>\n<p><a href=\"https:\/\/www.leaders.com.tn\/article\/27575-abdelaziz-kacem-j-aimais-en-beji-caid-essebsi-sa-culture-son-raffinement\" target=\"_blank\" rel=\"noopener noreferrer\">Abdelaziz Kacem : J\u2019aimais en B\u00e9ji Ca\u00efd Essebsi, sa culture, son raffinement<\/a><\/p>\n<p><a href=\"https:\/\/www.leaders.com.tn\/article\/27574-beli-caid-essebsi-le-pere-de-la-democratie-tunisienne\" target=\"_blank\" rel=\"noopener noreferrer\">B\u00e9ji Ca\u00efd Essebsi, le p\u00e8re de la d\u00e9mocratie tunisienne<\/a><\/p>\n<p><a href=\"https:\/\/www.leaders.com.tn\/article\/27579-youssef-chahed-beji-caid-essebsi-un-veritable-militant-patriotique-et-un-grand-homme-d-etat\" target=\"_blank\" rel=\"noopener noreferrer\">Youssef Chahed : B\u00e9ji Ca\u00efd Essebsi, un v\u00e9ritable militant patriotique et un grand homme d\u2019\u00e9tat<\/a><br \/><a href=\"https:\/\/www.leaders.com.tn\/article\/27578-pris-par-l-emotion-mohamed-ennaceur-prete-serment-la-continuite-de-l-etat-assuree\" target=\"_blank\" rel=\"noopener noreferrer\">Pris par l\u2019\u00e9motion, Mohamed Ennaceur pr\u00eate serment, la continuit\u00e9 de l&rsquo;Etat, assur\u00e9e<\/a><\/p>\n<p><a href=\"https:\/\/www.leaders.com.tn\/article\/27577-la-diplomatie-tunisienne-en-deuil-hommage-a-caid-essebsi-et-report-de-la-conference-des-ambassadeurs\">La diplomatie tunisienne en deuil : Hommage \u00e0 Ca\u00efd Essebsi et report de la conf\u00e9rence des ambassadeurs<\/a><\/p>\n<p>Auteur:<br \/>\n<a href=\"https:\/\/www.leaders.com.tn\/article\/27580-yadh-ben-achour-il-faut-reconnaitre-au-president-beji-caid-essebsi-le-merite-d-avoir-sauve-la-tunisie-d-un-certain-nombre-de-perils\">Cliquez ici pour lire l&rsquo;article depuis sa source.<\/a><\/p>\n","protected":false},"excerpt":{"rendered":"<p>B.C.E. nous quitte. Il fallait que sa mort tombe un 25 juillet. Rien ne pouvait autant lui seoir que ce signe du destin. L\u2019humour pouss\u00e9 jusqu\u2019\u00e0 la cime\u00a0! Homme de l\u2019ind\u00e9pendance, donc d\u2019une \u00e8re r\u00e9volue, Il aura pourtant fortement occup\u00e9 la sc\u00e8ne politique postr\u00e9volutionnaire \u00e0 partir de 2011. En tant que responsable politique, l\u2019histoire aura [&hellip;]<\/p>\n","protected":false},"author":1772,"featured_media":0,"comment_status":"closed","ping_status":"closed","sticky":false,"template":"","format":"standard","meta":{"fifu_image_url":"","fifu_image_alt":"","footnotes":""},"categories":[73,55],"tags":[],"class_list":["post-48484","post","type-post","status-publish","format-standard","hentry","category-actualite","category-tunisie"],"_links":{"self":[{"href":"https:\/\/linitiative.ca\/International\/wp-json\/wp\/v2\/posts\/48484","targetHints":{"allow":["GET"]}}],"collection":[{"href":"https:\/\/linitiative.ca\/International\/wp-json\/wp\/v2\/posts"}],"about":[{"href":"https:\/\/linitiative.ca\/International\/wp-json\/wp\/v2\/types\/post"}],"author":[{"embeddable":true,"href":"https:\/\/linitiative.ca\/International\/wp-json\/wp\/v2\/users\/1772"}],"replies":[{"embeddable":true,"href":"https:\/\/linitiative.ca\/International\/wp-json\/wp\/v2\/comments?post=48484"}],"version-history":[{"count":0,"href":"https:\/\/linitiative.ca\/International\/wp-json\/wp\/v2\/posts\/48484\/revisions"}],"wp:attachment":[{"href":"https:\/\/linitiative.ca\/International\/wp-json\/wp\/v2\/media?parent=48484"}],"wp:term":[{"taxonomy":"category","embeddable":true,"href":"https:\/\/linitiative.ca\/International\/wp-json\/wp\/v2\/categories?post=48484"},{"taxonomy":"post_tag","embeddable":true,"href":"https:\/\/linitiative.ca\/International\/wp-json\/wp\/v2\/tags?post=48484"}],"curies":[{"name":"wp","href":"https:\/\/api.w.org\/{rel}","templated":true}]}}