{"id":48485,"date":"2019-07-25T15:43:00","date_gmt":"2019-07-25T19:43:00","guid":{"rendered":"https:\/\/linitiative.ca\/International\/les-chancelleries-diplomatiques-etrangeres-a-tunis-mettent-leurs-drapeaux-en-berne\/"},"modified":"2019-07-25T15:43:00","modified_gmt":"2019-07-25T19:43:00","slug":"les-chancelleries-diplomatiques-etrangeres-a-tunis-mettent-leurs-drapeaux-en-berne","status":"publish","type":"post","link":"https:\/\/linitiative.ca\/International\/les-chancelleries-diplomatiques-etrangeres-a-tunis-mettent-leurs-drapeaux-en-berne\/","title":{"rendered":"Les chancelleries diplomatiques \u00e9trang\u00e8res \u00e0 Tunis mettent leurs drapeaux en berne"},"content":{"rendered":"<p>Se joignant au deuil de la Tunisie, suite au d\u00e9c\u00e8s du pr\u00e9sident B\u00e9ji Ca\u00efd Essebsi, des chancelleries diplomatiques \u00e9trang\u00e8res install\u00e9es \u00e0 Tunis ont mis leurs drapeaux en berne. L\u2019ambassade d\u2019Italie a \u00e9t\u00e9 prompte \u00e0 le faire d\u00e8s 11 heures du matin. Un diplomate y a proc\u00e9d\u00e9 lui-m\u00eame, alors que depuis Rome, les plus hautes autorit\u00e9s se sont empress\u00e9es de tweeter leurs hommages et d\u2019adresser leurs condol\u00e9ances.<\/p>\n<p>La m\u00eame marque de compassion a \u00e9t\u00e9 exprim\u00e9e par de nombreuses autres ambassades qui ont hibern\u00e9s leurs couleurs nationales sur tous leurs b\u00e2timents officiels et r\u00e9sidences, et il en a \u00e9t\u00e9 de m\u00eame pour des consulats et des consulats honoraires.<br \/>\u00a0<\/p>\n<p>Auteur:<br \/>\n<a href=\"https:\/\/www.leaders.com.tn\/article\/27581-les-chancelleries-diplomatiques-etrangeres-a-tunis-mettent-leurs-drapeaux-en-berne\">Cliquez ici pour lire l&rsquo;article depuis sa source.<\/a><\/p>\n","protected":false},"excerpt":{"rendered":"<p>Se joignant au deuil de la Tunisie, suite au d\u00e9c\u00e8s du pr\u00e9sident B\u00e9ji Ca\u00efd Essebsi, des chancelleries diplomatiques \u00e9trang\u00e8res install\u00e9es \u00e0 Tunis ont mis leurs drapeaux en berne. L\u2019ambassade d\u2019Italie a \u00e9t\u00e9 prompte \u00e0 le faire d\u00e8s 11 heures du matin. Un diplomate y a proc\u00e9d\u00e9 lui-m\u00eame, alors que depuis Rome, les plus hautes autorit\u00e9s [&hellip;]<\/p>\n","protected":false},"author":1772,"featured_media":0,"comment_status":"closed","ping_status":"closed","sticky":false,"template":"","format":"standard","meta":{"fifu_image_url":"","fifu_image_alt":"","footnotes":""},"categories":[73,55],"tags":[],"class_list":["post-48485","post","type-post","status-publish","format-standard","hentry","category-actualite","category-tunisie"],"_links":{"self":[{"href":"https:\/\/linitiative.ca\/International\/wp-json\/wp\/v2\/posts\/48485","targetHints":{"allow":["GET"]}}],"collection":[{"href":"https:\/\/linitiative.ca\/International\/wp-json\/wp\/v2\/posts"}],"about":[{"href":"https:\/\/linitiative.ca\/International\/wp-json\/wp\/v2\/types\/post"}],"author":[{"embeddable":true,"href":"https:\/\/linitiative.ca\/International\/wp-json\/wp\/v2\/users\/1772"}],"replies":[{"embeddable":true,"href":"https:\/\/linitiative.ca\/International\/wp-json\/wp\/v2\/comments?post=48485"}],"version-history":[{"count":0,"href":"https:\/\/linitiative.ca\/International\/wp-json\/wp\/v2\/posts\/48485\/revisions"}],"wp:attachment":[{"href":"https:\/\/linitiative.ca\/International\/wp-json\/wp\/v2\/media?parent=48485"}],"wp:term":[{"taxonomy":"category","embeddable":true,"href":"https:\/\/linitiative.ca\/International\/wp-json\/wp\/v2\/categories?post=48485"},{"taxonomy":"post_tag","embeddable":true,"href":"https:\/\/linitiative.ca\/International\/wp-json\/wp\/v2\/tags?post=48485"}],"curies":[{"name":"wp","href":"https:\/\/api.w.org\/{rel}","templated":true}]}}