{"id":48486,"date":"2019-07-25T16:05:00","date_gmt":"2019-07-25T20:05:00","guid":{"rendered":"https:\/\/linitiative.ca\/International\/les-etats-unis-saluent-en-le-president-caid-essebsi-le-defenseur-de-la-liberte-et-de-legalite-un-proche-ami-et-un-partenaire-precieux\/"},"modified":"2019-07-25T16:05:00","modified_gmt":"2019-07-25T20:05:00","slug":"les-etats-unis-saluent-en-le-president-caid-essebsi-le-defenseur-de-la-liberte-et-de-legalite-un-proche-ami-et-un-partenaire-precieux","status":"publish","type":"post","link":"https:\/\/linitiative.ca\/International\/les-etats-unis-saluent-en-le-president-caid-essebsi-le-defenseur-de-la-liberte-et-de-legalite-un-proche-ami-et-un-partenaire-precieux\/","title":{"rendered":"Les Etats-Unis saluent en le pr\u00e9sident Ca\u00efd Essebsi le d\u00e9fenseur de la libert\u00e9 et de l\u2019\u00e9galit\u00e9, un proche ami et un partenaire pr\u00e9cieux"},"content":{"rendered":"<p>Pr\u00e9sentant leurs \u00ab\u00a0plus sinc\u00e8res condol\u00e9ances au peuple tunisien \u00e0 l\u2019occasion du d\u00e9c\u00e8s du pr\u00e9sident B\u00e9ji Ca\u00efd Essebsi\u00a0\u00bb, les Etats-Unis d&rsquo;Am\u00e9rique ont rappel\u00e9 qu\u2019il a \u00e9t\u00e9 \u00ab\u00a0le premier pr\u00e9sident tunisien \u00e9lu d\u00e9mocratiquement apr\u00e8s sa r\u00e9volution de 2011.\u00a0\u00bb<\/p>\n<p>\u00ab\u00a0Au cours de sa longue carri\u00e8re, poursuit un communiqu\u00e9 officiel publi\u00e9 par le D\u00e9partement d\u2019Etat, il s&rsquo;est distingu\u00e9 en tant que d\u00e9fenseur de la libert\u00e9 et de l&rsquo;\u00e9galit\u00e9 du peuple tunisien. En tant que pr\u00e9sident, il \u00e9tait un ami proche et un partenaire pr\u00e9cieux des \u00c9tats-Unis. On se souviendra de lui pour ses efforts visant \u00e0 renforcer la d\u00e9mocratie tunisienne et \u00e0 promouvoir la paix et la stabilit\u00e9 \u00e0 travers la r\u00e9gion\u00a0\u00bb.<br \/>\u00a0<\/p>\n<p>Auteur:<br \/>\n<a href=\"https:\/\/www.leaders.com.tn\/article\/27582-les-etats-unis-saluent-en-le-president-caid-essebsi-le-defenseur-de-la-liberte-et-de-l-egalite-un-proche-ami-et-un-partenaire-precieux\">Cliquez ici pour lire l&rsquo;article depuis sa source.<\/a><\/p>\n","protected":false},"excerpt":{"rendered":"<p>Pr\u00e9sentant leurs \u00ab\u00a0plus sinc\u00e8res condol\u00e9ances au peuple tunisien \u00e0 l\u2019occasion du d\u00e9c\u00e8s du pr\u00e9sident B\u00e9ji Ca\u00efd Essebsi\u00a0\u00bb, les Etats-Unis d&rsquo;Am\u00e9rique ont rappel\u00e9 qu\u2019il a \u00e9t\u00e9 \u00ab\u00a0le premier pr\u00e9sident tunisien \u00e9lu d\u00e9mocratiquement apr\u00e8s sa r\u00e9volution de 2011.\u00a0\u00bb \u00ab\u00a0Au cours de sa longue carri\u00e8re, poursuit un communiqu\u00e9 officiel publi\u00e9 par le D\u00e9partement d\u2019Etat, il s&rsquo;est distingu\u00e9 en [&hellip;]<\/p>\n","protected":false},"author":1772,"featured_media":0,"comment_status":"closed","ping_status":"closed","sticky":false,"template":"","format":"standard","meta":{"fifu_image_url":"","fifu_image_alt":"","footnotes":""},"categories":[73,55],"tags":[],"class_list":["post-48486","post","type-post","status-publish","format-standard","hentry","category-actualite","category-tunisie"],"_links":{"self":[{"href":"https:\/\/linitiative.ca\/International\/wp-json\/wp\/v2\/posts\/48486","targetHints":{"allow":["GET"]}}],"collection":[{"href":"https:\/\/linitiative.ca\/International\/wp-json\/wp\/v2\/posts"}],"about":[{"href":"https:\/\/linitiative.ca\/International\/wp-json\/wp\/v2\/types\/post"}],"author":[{"embeddable":true,"href":"https:\/\/linitiative.ca\/International\/wp-json\/wp\/v2\/users\/1772"}],"replies":[{"embeddable":true,"href":"https:\/\/linitiative.ca\/International\/wp-json\/wp\/v2\/comments?post=48486"}],"version-history":[{"count":0,"href":"https:\/\/linitiative.ca\/International\/wp-json\/wp\/v2\/posts\/48486\/revisions"}],"wp:attachment":[{"href":"https:\/\/linitiative.ca\/International\/wp-json\/wp\/v2\/media?parent=48486"}],"wp:term":[{"taxonomy":"category","embeddable":true,"href":"https:\/\/linitiative.ca\/International\/wp-json\/wp\/v2\/categories?post=48486"},{"taxonomy":"post_tag","embeddable":true,"href":"https:\/\/linitiative.ca\/International\/wp-json\/wp\/v2\/tags?post=48486"}],"curies":[{"name":"wp","href":"https:\/\/api.w.org\/{rel}","templated":true}]}}