{"id":48488,"date":"2019-07-25T16:34:00","date_gmt":"2019-07-25T20:34:00","guid":{"rendered":"https:\/\/linitiative.ca\/International\/funerailles-nationales-du-president-caid-essebsi-ceremonie-officielle-samedi-au-palais-de-carthage\/"},"modified":"2019-07-25T16:34:00","modified_gmt":"2019-07-25T20:34:00","slug":"funerailles-nationales-du-president-caid-essebsi-ceremonie-officielle-samedi-au-palais-de-carthage","status":"publish","type":"post","link":"https:\/\/linitiative.ca\/International\/funerailles-nationales-du-president-caid-essebsi-ceremonie-officielle-samedi-au-palais-de-carthage\/","title":{"rendered":"Fun\u00e9railles nationales du pr\u00e9sident Ca\u00efd Essebsi : c\u00e9r\u00e9monie officielle samedi au palais de Carthage"},"content":{"rendered":"<p>Un hommage officiel \u00e0 la m\u00e9moire du pr\u00e9sident B\u00e9ji Ca\u00efd Essebsi, sera rendu ce samedi matin, \u00e0, partir de 11 heures au palais de Carthage, en pr\u00e9sence d\u2019officiels tunisiens et de nombreuses personnalit\u00e9s \u00e9trang\u00e8res. Les honneurs militaires lui seront rendus et le cort\u00e8ge fun\u00e8bre s\u2019\u00e9branlera par la suite en direction du cimeti\u00e8re El Jallaz, apr\u00e8s avoir parcouru les principales art\u00e8res de la capitale.<br \/>\u00a0<\/p>\n<p>Auteur:<br \/>\n<a href=\"https:\/\/www.leaders.com.tn\/article\/27584-funerailles-nationales-du-president-caid-essebsi-ceremonie-officielle-samedi-au-palais-de-carthage\">Cliquez ici pour lire l&rsquo;article depuis sa source.<\/a><\/p>\n","protected":false},"excerpt":{"rendered":"<p>Un hommage officiel \u00e0 la m\u00e9moire du pr\u00e9sident B\u00e9ji Ca\u00efd Essebsi, sera rendu ce samedi matin, \u00e0, partir de 11 heures au palais de Carthage, en pr\u00e9sence d\u2019officiels tunisiens et de nombreuses personnalit\u00e9s \u00e9trang\u00e8res. Les honneurs militaires lui seront rendus et le cort\u00e8ge fun\u00e8bre s\u2019\u00e9branlera par la suite en direction du cimeti\u00e8re El Jallaz, apr\u00e8s [&hellip;]<\/p>\n","protected":false},"author":1772,"featured_media":0,"comment_status":"closed","ping_status":"closed","sticky":false,"template":"","format":"standard","meta":{"fifu_image_url":"","fifu_image_alt":"","footnotes":""},"categories":[73,55],"tags":[],"class_list":["post-48488","post","type-post","status-publish","format-standard","hentry","category-actualite","category-tunisie"],"_links":{"self":[{"href":"https:\/\/linitiative.ca\/International\/wp-json\/wp\/v2\/posts\/48488","targetHints":{"allow":["GET"]}}],"collection":[{"href":"https:\/\/linitiative.ca\/International\/wp-json\/wp\/v2\/posts"}],"about":[{"href":"https:\/\/linitiative.ca\/International\/wp-json\/wp\/v2\/types\/post"}],"author":[{"embeddable":true,"href":"https:\/\/linitiative.ca\/International\/wp-json\/wp\/v2\/users\/1772"}],"replies":[{"embeddable":true,"href":"https:\/\/linitiative.ca\/International\/wp-json\/wp\/v2\/comments?post=48488"}],"version-history":[{"count":0,"href":"https:\/\/linitiative.ca\/International\/wp-json\/wp\/v2\/posts\/48488\/revisions"}],"wp:attachment":[{"href":"https:\/\/linitiative.ca\/International\/wp-json\/wp\/v2\/media?parent=48488"}],"wp:term":[{"taxonomy":"category","embeddable":true,"href":"https:\/\/linitiative.ca\/International\/wp-json\/wp\/v2\/categories?post=48488"},{"taxonomy":"post_tag","embeddable":true,"href":"https:\/\/linitiative.ca\/International\/wp-json\/wp\/v2\/tags?post=48488"}],"curies":[{"name":"wp","href":"https:\/\/api.w.org\/{rel}","templated":true}]}}