{"id":48489,"date":"2019-07-25T16:48:00","date_gmt":"2019-07-25T20:48:00","guid":{"rendered":"https:\/\/linitiative.ca\/International\/macron-la-france-perd-un-ami-et-la-tunisie-un-dirigeant-courageux-beji-caid-essesbsi\/"},"modified":"2019-07-25T16:48:00","modified_gmt":"2019-07-25T20:48:00","slug":"macron-la-france-perd-un-ami-et-la-tunisie-un-dirigeant-courageux-beji-caid-essesbsi","status":"publish","type":"post","link":"https:\/\/linitiative.ca\/International\/macron-la-france-perd-un-ami-et-la-tunisie-un-dirigeant-courageux-beji-caid-essesbsi\/","title":{"rendered":"Macron: La France perd un ami et la Tunisie un dirigeant courageux, B\u00e9ji Ca\u00efd Essesbsi"},"content":{"rendered":"<p>\u00ab\u00a0La France perd un ami et la R\u00e9publique tunisienne un dirigeant courageux qui aura pr\u00e9sid\u00e9 son pays dans un moment essentiel de son histoire, o\u00f9 il aura r\u00e9sist\u00e9 \u00e0 tous les obscurantismes pour b\u00e2tir l\u2019avenir, la d\u00e9mocratie et le progr\u00e8s\u00a0\u00bb, \u00e9crit le pr\u00e9sident Emmanuel Macron, pr\u00e9sentant \u00e0 la famille du Pr\u00e9sident B\u00e9ji Ca\u00efd Essebsi ses sinc\u00e8res condol\u00e9ances.\u00a0Au peuple tunisien, il a exprim\u00e9 en ce jour l\u2019amiti\u00e9 du peuple fran\u00e7ais et son soutien dans cette \u00e9preuve.<\/p>\n<p>\u00ab\u00a0En ce jour de f\u00eate de la R\u00e9publique tunisienne, a-t-il, \u00e9crit, le Pr\u00e9sident B\u00e9ji Ca\u00efd Essebsi nous a quitt\u00e9s. Il n\u2019y a pas de hasard, son destin \u00e9tait li\u00e9 \u00e0 celui de la Tunisie.\u00a0\u00bb<\/p>\n<p>Auteur:<br \/>\n<a href=\"https:\/\/www.leaders.com.tn\/article\/27585-macron-la-france-perd-un-ami-et-la-tunisie-un-dirigeant-courageux-beji-caid-essesbsi\">Cliquez ici pour lire l&rsquo;article depuis sa source.<\/a><\/p>\n","protected":false},"excerpt":{"rendered":"<p>\u00ab\u00a0La France perd un ami et la R\u00e9publique tunisienne un dirigeant courageux qui aura pr\u00e9sid\u00e9 son pays dans un moment essentiel de son histoire, o\u00f9 il aura r\u00e9sist\u00e9 \u00e0 tous les obscurantismes pour b\u00e2tir l\u2019avenir, la d\u00e9mocratie et le progr\u00e8s\u00a0\u00bb, \u00e9crit le pr\u00e9sident Emmanuel Macron, pr\u00e9sentant \u00e0 la famille du Pr\u00e9sident B\u00e9ji Ca\u00efd Essebsi ses [&hellip;]<\/p>\n","protected":false},"author":1772,"featured_media":0,"comment_status":"closed","ping_status":"closed","sticky":false,"template":"","format":"standard","meta":{"fifu_image_url":"","fifu_image_alt":"","footnotes":""},"categories":[73,55],"tags":[],"class_list":["post-48489","post","type-post","status-publish","format-standard","hentry","category-actualite","category-tunisie"],"_links":{"self":[{"href":"https:\/\/linitiative.ca\/International\/wp-json\/wp\/v2\/posts\/48489","targetHints":{"allow":["GET"]}}],"collection":[{"href":"https:\/\/linitiative.ca\/International\/wp-json\/wp\/v2\/posts"}],"about":[{"href":"https:\/\/linitiative.ca\/International\/wp-json\/wp\/v2\/types\/post"}],"author":[{"embeddable":true,"href":"https:\/\/linitiative.ca\/International\/wp-json\/wp\/v2\/users\/1772"}],"replies":[{"embeddable":true,"href":"https:\/\/linitiative.ca\/International\/wp-json\/wp\/v2\/comments?post=48489"}],"version-history":[{"count":0,"href":"https:\/\/linitiative.ca\/International\/wp-json\/wp\/v2\/posts\/48489\/revisions"}],"wp:attachment":[{"href":"https:\/\/linitiative.ca\/International\/wp-json\/wp\/v2\/media?parent=48489"}],"wp:term":[{"taxonomy":"category","embeddable":true,"href":"https:\/\/linitiative.ca\/International\/wp-json\/wp\/v2\/categories?post=48489"},{"taxonomy":"post_tag","embeddable":true,"href":"https:\/\/linitiative.ca\/International\/wp-json\/wp\/v2\/tags?post=48489"}],"curies":[{"name":"wp","href":"https:\/\/api.w.org\/{rel}","templated":true}]}}