{"id":48490,"date":"2019-07-25T17:04:53","date_gmt":"2019-07-25T21:04:53","guid":{"rendered":"https:\/\/linitiative.ca\/International\/saida-garreche-revient-sur-les-circonstances-du-deces-du-president-caid-essebsi\/"},"modified":"2019-07-25T17:04:53","modified_gmt":"2019-07-25T21:04:53","slug":"saida-garreche-revient-sur-les-circonstances-du-deces-du-president-caid-essebsi","status":"publish","type":"post","link":"https:\/\/linitiative.ca\/International\/saida-garreche-revient-sur-les-circonstances-du-deces-du-president-caid-essebsi\/","title":{"rendered":"Saida Garreche revient sur les circonstances du d\u00e9c\u00e8s du pr\u00e9sident Ca\u00efd Essebsi"},"content":{"rendered":"<p>D\u00e8s qu\u2019on avait appris, mercredi que le pr\u00e9sident de la R\u00e9publique n\u2019a pas sign\u00e9 le d\u00e9cret de gr\u00e2ce pr\u00e9sidentielle en faveur de d\u00e9tenus, comme il est d\u2019accoutum\u00e9e, \u00e0 la veille du 25 juillet de chaque ann\u00e9e, on avait pressenti de mauvaises augures, r\u00e9v\u00e8le Sa\u00efda Garreche. Porte-parole de la Pr\u00e9sidence de la R\u00e9publique, elle a indiqu\u00e9 que les craintes des membres du cabinet se sont accrus en apprenant l\u2019\u00e9vacuation d\u2019urgence, du pr\u00e9sident B\u00e9ji Ca\u00efd Essebsi, en d\u00e9but de soir\u00e9e, vers l\u2019h\u00f4pital militaire de Tunis. Imm\u00e9diatement, une r\u00e9union d\u2019urgence a \u00e9t\u00e9 convoqu\u00e9e au palais de Carthage pour envisager les diff\u00e9rentes options et prendre les dispositions appropri\u00e9es. Se maintenant en \u00e9troite liaison avec le ministre de la D\u00e9fense nationale, Abdelkrim Zbidi, les membres du cabinet, sous la conduite du ministre-directeur du cabinet, Nabil Ajroud, \u00e9taient \u00e0 l\u2019affut des nouvelles. Ils ne quitteront le palais que vers 3 heures du matin.<\/p>\n<p>Tr\u00e8s t\u00f4t, jeudi matin, ils sont tous revenus au palais. D\u00e8s la confirmation du d\u00e9c\u00e8s, par le ministre de la D\u00e9fense nationale, apr\u00e8s constat m\u00e9dical, \u00e0 10h25, un premier communiqu\u00e9 de presse a \u00e9t\u00e9 publi\u00e9, peu avant 11 heures. Et les pr\u00e9paratifs n\u00e9cessaires ont \u00e9t\u00e9 engag\u00e9s. D\u2019un c\u00f4t\u00e9, le processus de transmission des pouvoirs par int\u00e9rim au pr\u00e9sident de l\u2019ARP, Mohamed Ennanceur, apr\u00e8s la d\u00e9claration de vacance d\u00e9finitive. Et de l\u2019autre, la c\u00e9r\u00e9monie officielle d\u2019hommage et les fun\u00e9railles nationales qui auront lieu ce samedi.<br \/>\u00a0<\/p>\n<p>Auteur:<br \/>\n<a href=\"https:\/\/www.leaders.com.tn\/article\/27587-saida-garreche-revient-sur-les-circonstances-du-deces-du-president-caid-essebsi\">Cliquez ici pour lire l&rsquo;article depuis sa source.<\/a><\/p>\n","protected":false},"excerpt":{"rendered":"<p>D\u00e8s qu\u2019on avait appris, mercredi que le pr\u00e9sident de la R\u00e9publique n\u2019a pas sign\u00e9 le d\u00e9cret de gr\u00e2ce pr\u00e9sidentielle en faveur de d\u00e9tenus, comme il est d\u2019accoutum\u00e9e, \u00e0 la veille du 25 juillet de chaque ann\u00e9e, on avait pressenti de mauvaises augures, r\u00e9v\u00e8le Sa\u00efda Garreche. Porte-parole de la Pr\u00e9sidence de la R\u00e9publique, elle a indiqu\u00e9 [&hellip;]<\/p>\n","protected":false},"author":1772,"featured_media":0,"comment_status":"closed","ping_status":"closed","sticky":false,"template":"","format":"standard","meta":{"fifu_image_url":"","fifu_image_alt":"","footnotes":""},"categories":[73,55],"tags":[],"class_list":["post-48490","post","type-post","status-publish","format-standard","hentry","category-actualite","category-tunisie"],"_links":{"self":[{"href":"https:\/\/linitiative.ca\/International\/wp-json\/wp\/v2\/posts\/48490","targetHints":{"allow":["GET"]}}],"collection":[{"href":"https:\/\/linitiative.ca\/International\/wp-json\/wp\/v2\/posts"}],"about":[{"href":"https:\/\/linitiative.ca\/International\/wp-json\/wp\/v2\/types\/post"}],"author":[{"embeddable":true,"href":"https:\/\/linitiative.ca\/International\/wp-json\/wp\/v2\/users\/1772"}],"replies":[{"embeddable":true,"href":"https:\/\/linitiative.ca\/International\/wp-json\/wp\/v2\/comments?post=48490"}],"version-history":[{"count":0,"href":"https:\/\/linitiative.ca\/International\/wp-json\/wp\/v2\/posts\/48490\/revisions"}],"wp:attachment":[{"href":"https:\/\/linitiative.ca\/International\/wp-json\/wp\/v2\/media?parent=48490"}],"wp:term":[{"taxonomy":"category","embeddable":true,"href":"https:\/\/linitiative.ca\/International\/wp-json\/wp\/v2\/categories?post=48490"},{"taxonomy":"post_tag","embeddable":true,"href":"https:\/\/linitiative.ca\/International\/wp-json\/wp\/v2\/tags?post=48490"}],"curies":[{"name":"wp","href":"https:\/\/api.w.org\/{rel}","templated":true}]}}