{"id":48491,"date":"2019-07-25T12:58:48","date_gmt":"2019-07-25T16:58:48","guid":{"rendered":"https:\/\/linitiative.ca\/International\/tunisie-chahed-et-quelques-uns-de-ses-ministres-arrivent-au-palais-du-bardo\/"},"modified":"2019-07-25T12:58:48","modified_gmt":"2019-07-25T16:58:48","slug":"tunisie-chahed-et-quelques-uns-de-ses-ministres-arrivent-au-palais-du-bardo","status":"publish","type":"post","link":"https:\/\/linitiative.ca\/International\/tunisie-chahed-et-quelques-uns-de-ses-ministres-arrivent-au-palais-du-bardo\/","title":{"rendered":"Tunisie \u2013 \u00a0Chahed et quelques uns de ses ministres arrivent au Palais du Bardo"},"content":{"rendered":"<div class=\"post-cont-in left relative\">\n<div class=\"swp_social_panel swp_horizontal_panel swp_flat_fresh swp_default_full_color swp_individual_full_color swp_other_full_color scale-100 scale-\" data-min-width=\"1100\" data-float-color=\"#ffffff\" data-float=\"none\" data-float-mobile=\"none\" data-transition=\"slide\">\n<div class=\"nc_tweetContainer swp_share_button total_shares total_sharesalt\"><span class=\"swp_count\">18 <span class=\"swp_label\">Partages<\/span><\/span><\/div>\n<\/div>\n<p>Le chef du gouvernement, Youssef Chahed vient d\u2019arriver au si\u00e8ge de l\u2019ARP, apr\u00e8s la c\u00e9r\u00e9monie du sermon pr\u00eat\u00e9 par Mohamed Ennaceur, pour assurer l\u2019int\u00e9rim de la pr\u00e9sidence de la R\u00e9publique.<\/p>\n<p>Il est attendu qu\u2019une r\u00e9union se tienne, dans les minutes qui suivent, en pr\u00e9sence notamment des ministres de la D\u00e9fense nationale, de l\u2019Int\u00e9rieur, de la Justice et des Affaires Etrang\u00e8res, pour organiser la p\u00e9riode \u00e0 venir et discuter des dispositions \u00e0 prendre pour les fun\u00e9railles nationale du d\u00e9funt pr\u00e9sident, ce samedi.<\/p>\n<div class=\"code-block code-block-1 c5\"><ins class=\"adsbygoogle c4\" data-ad-layout=\"in-article\" data-ad-format=\"fluid\" data-ad-client=\"ca-pub-2102118777505746\" data-ad-slot=\"7301775417\"\/> <\/div>\n<div class=\"mvp-org-wrap mvp-org-logo\" itemprop=\"publisher\" itemscope=\"\" itemtype=\"https:\/\/schema.org\/Organization\"><img decoding=\"async\" src=\"https:\/\/www.tunisienumerique.com\/wp-content\/uploads\/2017\/02\/logo_tunisie_numerique.png\"\/><\/div>\n<div class=\"swp_social_panel swp_horizontal_panel swp_flat_fresh swp_default_full_color swp_individual_full_color swp_other_full_color scale-100 scale-\" data-min-width=\"1100\" data-float-color=\"#ffffff\" data-float=\"none\" data-float-mobile=\"none\" data-transition=\"slide\">\n<div class=\"nc_tweetContainer swp_share_button total_shares total_sharesalt\"><span class=\"swp_count\">18 <span class=\"swp_label\">Partages<\/span><\/span><\/div>\n<\/div>\n<div class=\"mvp-related-posts left relative\">\n<h4 class=\"post-header\"><span class=\"post-header\">Lire aussi<\/span><\/h4>\n<\/div>\n<\/div>\n<p>Auteur: LM<br \/>\n<a href=\"https:\/\/www.tunisienumerique.com\/tunisie-chahed-et-quelques-uns-de-ses-ministres-arrivent-au-palais-du-bardo\/\">Cliquez ici pour lire l&rsquo;article depuis sa source.<\/a><\/p>\n","protected":false},"excerpt":{"rendered":"<p>18 Partages Le chef du gouvernement, Youssef Chahed vient d\u2019arriver au si\u00e8ge de l\u2019ARP, apr\u00e8s la c\u00e9r\u00e9monie du sermon pr\u00eat\u00e9 par Mohamed Ennaceur, pour assurer l\u2019int\u00e9rim de la pr\u00e9sidence de la R\u00e9publique. Il est attendu qu\u2019une r\u00e9union se tienne, dans les minutes qui suivent, en pr\u00e9sence notamment des ministres de la D\u00e9fense nationale, de l\u2019Int\u00e9rieur, [&hellip;]<\/p>\n","protected":false},"author":1789,"featured_media":48492,"comment_status":"closed","ping_status":"closed","sticky":false,"template":"","format":"standard","meta":{"fifu_image_url":"","fifu_image_alt":"","footnotes":""},"categories":[73,55],"tags":[],"class_list":["post-48491","post","type-post","status-publish","format-standard","has-post-thumbnail","hentry","category-actualite","category-tunisie"],"_links":{"self":[{"href":"https:\/\/linitiative.ca\/International\/wp-json\/wp\/v2\/posts\/48491","targetHints":{"allow":["GET"]}}],"collection":[{"href":"https:\/\/linitiative.ca\/International\/wp-json\/wp\/v2\/posts"}],"about":[{"href":"https:\/\/linitiative.ca\/International\/wp-json\/wp\/v2\/types\/post"}],"author":[{"embeddable":true,"href":"https:\/\/linitiative.ca\/International\/wp-json\/wp\/v2\/users\/1789"}],"replies":[{"embeddable":true,"href":"https:\/\/linitiative.ca\/International\/wp-json\/wp\/v2\/comments?post=48491"}],"version-history":[{"count":0,"href":"https:\/\/linitiative.ca\/International\/wp-json\/wp\/v2\/posts\/48491\/revisions"}],"wp:featuredmedia":[{"embeddable":true,"href":"https:\/\/linitiative.ca\/International\/wp-json\/"}],"wp:attachment":[{"href":"https:\/\/linitiative.ca\/International\/wp-json\/wp\/v2\/media?parent=48491"}],"wp:term":[{"taxonomy":"category","embeddable":true,"href":"https:\/\/linitiative.ca\/International\/wp-json\/wp\/v2\/categories?post=48491"},{"taxonomy":"post_tag","embeddable":true,"href":"https:\/\/linitiative.ca\/International\/wp-json\/wp\/v2\/tags?post=48491"}],"curies":[{"name":"wp","href":"https:\/\/api.w.org\/{rel}","templated":true}]}}