{"id":48493,"date":"2019-07-25T13:25:41","date_gmt":"2019-07-25T17:25:41","guid":{"rendered":"https:\/\/linitiative.ca\/International\/tunisie-deces-de-bce-vibrant-hommage-du-sg-de-la-ligue-des-etats-arabes\/"},"modified":"2019-07-25T13:25:41","modified_gmt":"2019-07-25T17:25:41","slug":"tunisie-deces-de-bce-vibrant-hommage-du-sg-de-la-ligue-des-etats-arabes","status":"publish","type":"post","link":"https:\/\/linitiative.ca\/International\/tunisie-deces-de-bce-vibrant-hommage-du-sg-de-la-ligue-des-etats-arabes\/","title":{"rendered":"Tunisie \u2013\u00a0D\u00e9c\u00e8s de BCE\u00a0: Vibrant hommage du SG de la ligue des Etats arabes"},"content":{"rendered":"<div class=\"post-cont-in left relative\">\n<div class=\"swp_social_panel swp_horizontal_panel swp_flat_fresh swp_default_full_color swp_individual_full_color swp_other_full_color scale-100 scale-\" data-min-width=\"1100\" data-float-color=\"#ffffff\" data-float=\"none\" data-float-mobile=\"none\" data-transition=\"slide\">\n<div class=\"nc_tweetContainer swp_share_button total_shares total_sharesalt\"><span class=\"swp_count\">22 <span class=\"swp_label\">Partages<\/span><\/span><\/div>\n<\/div>\n<p>Le Secr\u00e9taire G\u00e9n\u00e9ral de la ligue des Etats arabes, Ahmed Abou Al Ghait a tenu \u00e0 rendre hommage, ce jeudi, au d\u00e9funt pr\u00e9sident tunisien, en disant qu\u2019il \u00e9tait un homme \u00e0 principes et \u00e0 d\u00e9cisions,\u00a0qu\u2019 il \u00e9tait enti\u00e8rement engag\u00e9 pour la cause arabe, comme il en a fait la preuve, lors de la pr\u00e9sidence de la Tunisie de la derni\u00e8re session de la ligue.<\/p>\n<p>Il a ajout\u00e9 que Beji Ca\u00efed Essebsi a su pr\u00e9server son pays des dangers, dans des p\u00e9riodes critiques et l\u2019histoire retiendra de lui qu\u2019il n\u2019a jamais d\u00e9vi\u00e9 de ses convictions et de son amour\u00a0pour son pays, m\u00eame dans les derniers moments de sa vie\u00a0!<\/p>\n<div class=\"code-block code-block-1 c5\"><ins class=\"adsbygoogle c4\" data-ad-layout=\"in-article\" data-ad-format=\"fluid\" data-ad-client=\"ca-pub-2102118777505746\" data-ad-slot=\"7301775417\"\/> <\/div>\n<div class=\"mvp-org-wrap mvp-org-logo\" itemprop=\"publisher\" itemscope=\"\" itemtype=\"https:\/\/schema.org\/Organization\"><img decoding=\"async\" src=\"https:\/\/www.tunisienumerique.com\/wp-content\/uploads\/2017\/02\/logo_tunisie_numerique.png\"\/><\/div>\n<div class=\"swp_social_panel swp_horizontal_panel swp_flat_fresh swp_default_full_color swp_individual_full_color swp_other_full_color scale-100 scale-\" data-min-width=\"1100\" data-float-color=\"#ffffff\" data-float=\"none\" data-float-mobile=\"none\" data-transition=\"slide\">\n<div class=\"nc_tweetContainer swp_share_button total_shares total_sharesalt\"><span class=\"swp_count\">22 <span class=\"swp_label\">Partages<\/span><\/span><\/div>\n<\/div>\n<div class=\"mvp-related-posts left relative\">\n<h4 class=\"post-header\"><span class=\"post-header\">Lire aussi<\/span><\/h4>\n<\/div>\n<\/div>\n<p>Auteur: LM<br \/>\n<a href=\"https:\/\/www.tunisienumerique.com\/tunisie-deces-de-bce-vibrant-hommage-du-sg-de-la-ligue-des-etats-arabes\/\">Cliquez ici pour lire l&rsquo;article depuis sa source.<\/a><\/p>\n","protected":false},"excerpt":{"rendered":"<p>22 Partages Le Secr\u00e9taire G\u00e9n\u00e9ral de la ligue des Etats arabes, Ahmed Abou Al Ghait a tenu \u00e0 rendre hommage, ce jeudi, au d\u00e9funt pr\u00e9sident tunisien, en disant qu\u2019il \u00e9tait un homme \u00e0 principes et \u00e0 d\u00e9cisions,\u00a0qu\u2019 il \u00e9tait enti\u00e8rement engag\u00e9 pour la cause arabe, comme il en a fait la preuve, lors de la [&hellip;]<\/p>\n","protected":false},"author":1789,"featured_media":48494,"comment_status":"closed","ping_status":"closed","sticky":false,"template":"","format":"standard","meta":{"fifu_image_url":"","fifu_image_alt":"","footnotes":""},"categories":[73,55],"tags":[],"class_list":["post-48493","post","type-post","status-publish","format-standard","has-post-thumbnail","hentry","category-actualite","category-tunisie"],"_links":{"self":[{"href":"https:\/\/linitiative.ca\/International\/wp-json\/wp\/v2\/posts\/48493","targetHints":{"allow":["GET"]}}],"collection":[{"href":"https:\/\/linitiative.ca\/International\/wp-json\/wp\/v2\/posts"}],"about":[{"href":"https:\/\/linitiative.ca\/International\/wp-json\/wp\/v2\/types\/post"}],"author":[{"embeddable":true,"href":"https:\/\/linitiative.ca\/International\/wp-json\/wp\/v2\/users\/1789"}],"replies":[{"embeddable":true,"href":"https:\/\/linitiative.ca\/International\/wp-json\/wp\/v2\/comments?post=48493"}],"version-history":[{"count":0,"href":"https:\/\/linitiative.ca\/International\/wp-json\/wp\/v2\/posts\/48493\/revisions"}],"wp:featuredmedia":[{"embeddable":true,"href":"https:\/\/linitiative.ca\/International\/wp-json\/"}],"wp:attachment":[{"href":"https:\/\/linitiative.ca\/International\/wp-json\/wp\/v2\/media?parent=48493"}],"wp:term":[{"taxonomy":"category","embeddable":true,"href":"https:\/\/linitiative.ca\/International\/wp-json\/wp\/v2\/categories?post=48493"},{"taxonomy":"post_tag","embeddable":true,"href":"https:\/\/linitiative.ca\/International\/wp-json\/wp\/v2\/tags?post=48493"}],"curies":[{"name":"wp","href":"https:\/\/api.w.org\/{rel}","templated":true}]}}