{"id":48497,"date":"2019-07-25T13:50:38","date_gmt":"2019-07-25T17:50:38","guid":{"rendered":"https:\/\/linitiative.ca\/International\/tunisie-deces-de-bce-macron-la-france-perd-un-ami\/"},"modified":"2019-07-25T13:50:38","modified_gmt":"2019-07-25T17:50:38","slug":"tunisie-deces-de-bce-macron-la-france-perd-un-ami","status":"publish","type":"post","link":"https:\/\/linitiative.ca\/International\/tunisie-deces-de-bce-macron-la-france-perd-un-ami\/","title":{"rendered":"Tunisie \u2013 \u00a0D\u00e9c\u00e8s de BCE\u00a0: Macron\u00a0: \u00ab\u00a0La France perd un ami\u00a0\u00bb\u00a0!"},"content":{"rendered":"<div class=\"post-cont-in left relative\">\n<div class=\"swp_social_panel swp_horizontal_panel swp_flat_fresh swp_default_full_color swp_individual_full_color swp_other_full_color scale-100 scale-\" data-min-width=\"1100\" data-float-color=\"#ffffff\" data-float=\"none\" data-float-mobile=\"none\" data-transition=\"slide\">\n<div class=\"nc_tweetContainer swp_share_button total_shares total_sharesalt\"><span class=\"swp_count\">201 <span class=\"swp_label\">Partages<\/span><\/span><\/div>\n<\/div>\n<p>Emmanuel Macron a salu\u00e9 la m\u00e9moire du\u00a0pr\u00e9sident B\u00e9ji Ca\u00efd Essebsi, mort ce jeudi,\u00a0qui \u00e9tait \u201cun dirigeant courageux\u201d ayant \u201cpr\u00e9sid\u00e9 son pays dans un moment essentiel de son histoire o\u00f9 il aura r\u00e9sist\u00e9 \u00e0 tous les obscurantismes\u201d.<\/p>\n<p>\u201cLa France perd un ami\u201d, a ajout\u00e9 le pr\u00e9sident fran\u00e7ais, en exprimant, dans un communiqu\u00e9, \u201cl\u2019amiti\u00e9 du peuple fran\u00e7ais\u201d aux Tunisiens et son \u201csoutien dans cette \u00e9preuve\u201d.<\/p>\n<div class=\"code-block code-block-1 c5\"><ins class=\"adsbygoogle c4\" data-ad-layout=\"in-article\" data-ad-format=\"fluid\" data-ad-client=\"ca-pub-2102118777505746\" data-ad-slot=\"7301775417\"\/> <\/div>\n<div class=\"mvp-org-wrap mvp-org-logo\" itemprop=\"publisher\" itemscope=\"\" itemtype=\"https:\/\/schema.org\/Organization\"><img decoding=\"async\" src=\"https:\/\/www.tunisienumerique.com\/wp-content\/uploads\/2017\/02\/logo_tunisie_numerique.png\"\/><\/div>\n<div class=\"swp_social_panel swp_horizontal_panel swp_flat_fresh swp_default_full_color swp_individual_full_color swp_other_full_color scale-100 scale-\" data-min-width=\"1100\" data-float-color=\"#ffffff\" data-float=\"none\" data-float-mobile=\"none\" data-transition=\"slide\">\n<div class=\"nc_tweetContainer swp_share_button total_shares total_sharesalt\"><span class=\"swp_count\">201 <span class=\"swp_label\">Partages<\/span><\/span><\/div>\n<\/div>\n<div class=\"mvp-related-posts left relative\">\n<h4 class=\"post-header\"><span class=\"post-header\">Lire aussi<\/span><\/h4>\n<\/div>\n<\/div>\n<p>Auteur: LM<br \/>\n<a href=\"https:\/\/www.tunisienumerique.com\/tunisie-deces-de-bce-macron-la-france-perd-un-ami\/\">Cliquez ici pour lire l&rsquo;article depuis sa source.<\/a><\/p>\n","protected":false},"excerpt":{"rendered":"<p>201 Partages Emmanuel Macron a salu\u00e9 la m\u00e9moire du\u00a0pr\u00e9sident B\u00e9ji Ca\u00efd Essebsi, mort ce jeudi,\u00a0qui \u00e9tait \u201cun dirigeant courageux\u201d ayant \u201cpr\u00e9sid\u00e9 son pays dans un moment essentiel de son histoire o\u00f9 il aura r\u00e9sist\u00e9 \u00e0 tous les obscurantismes\u201d. \u201cLa France perd un ami\u201d, a ajout\u00e9 le pr\u00e9sident fran\u00e7ais, en exprimant, dans un communiqu\u00e9, \u201cl\u2019amiti\u00e9 du [&hellip;]<\/p>\n","protected":false},"author":1789,"featured_media":48498,"comment_status":"closed","ping_status":"closed","sticky":false,"template":"","format":"standard","meta":{"fifu_image_url":"","fifu_image_alt":"","footnotes":""},"categories":[73,55],"tags":[],"class_list":["post-48497","post","type-post","status-publish","format-standard","has-post-thumbnail","hentry","category-actualite","category-tunisie"],"_links":{"self":[{"href":"https:\/\/linitiative.ca\/International\/wp-json\/wp\/v2\/posts\/48497","targetHints":{"allow":["GET"]}}],"collection":[{"href":"https:\/\/linitiative.ca\/International\/wp-json\/wp\/v2\/posts"}],"about":[{"href":"https:\/\/linitiative.ca\/International\/wp-json\/wp\/v2\/types\/post"}],"author":[{"embeddable":true,"href":"https:\/\/linitiative.ca\/International\/wp-json\/wp\/v2\/users\/1789"}],"replies":[{"embeddable":true,"href":"https:\/\/linitiative.ca\/International\/wp-json\/wp\/v2\/comments?post=48497"}],"version-history":[{"count":0,"href":"https:\/\/linitiative.ca\/International\/wp-json\/wp\/v2\/posts\/48497\/revisions"}],"wp:featuredmedia":[{"embeddable":true,"href":"https:\/\/linitiative.ca\/International\/wp-json\/"}],"wp:attachment":[{"href":"https:\/\/linitiative.ca\/International\/wp-json\/wp\/v2\/media?parent=48497"}],"wp:term":[{"taxonomy":"category","embeddable":true,"href":"https:\/\/linitiative.ca\/International\/wp-json\/wp\/v2\/categories?post=48497"},{"taxonomy":"post_tag","embeddable":true,"href":"https:\/\/linitiative.ca\/International\/wp-json\/wp\/v2\/tags?post=48497"}],"curies":[{"name":"wp","href":"https:\/\/api.w.org\/{rel}","templated":true}]}}