{"id":48499,"date":"2019-07-25T13:59:16","date_gmt":"2019-07-25T17:59:16","guid":{"rendered":"https:\/\/linitiative.ca\/International\/tunisie-au-liban-saad-al-hariri-decrete-trois-jours-de-deuil-national\/"},"modified":"2019-07-25T13:59:16","modified_gmt":"2019-07-25T17:59:16","slug":"tunisie-au-liban-saad-al-hariri-decrete-trois-jours-de-deuil-national","status":"publish","type":"post","link":"https:\/\/linitiative.ca\/International\/tunisie-au-liban-saad-al-hariri-decrete-trois-jours-de-deuil-national\/","title":{"rendered":"Tunisie \u2013 \u00a0Au Liban\u00a0: Sa\u00e2d Al Hariri d\u00e9cr\u00e8te trois jours de deuil national"},"content":{"rendered":"<div class=\"post-cont-in left relative\">\n<div class=\"swp_social_panel swp_horizontal_panel swp_flat_fresh swp_default_full_color swp_individual_full_color swp_other_full_color scale-100 scale-\" data-min-width=\"1100\" data-float-color=\"#ffffff\" data-float=\"none\" data-float-mobile=\"none\" data-transition=\"slide\">\n<div class=\"nc_tweetContainer swp_share_button total_shares total_sharesalt\"><span class=\"swp_count\">775 <span class=\"swp_label\">Partages<\/span><\/span><\/div>\n<\/div>\n<p>Le chef du gouvernement libanais, Sa\u00e2d Al Hariri a d\u00e9cr\u00e9t\u00e9, suite au d\u00e9c\u00e8s du pr\u00e9sident tunisien, B\u00e9ji Ca\u00efed Essebsi un deuil national de trois jours. Les drapeaux libanais seront mis en berne jusqu\u2019au samedi. Par ailleurs, Sa\u00e2d Al Hariri a ordonn\u00e9 la modification des programmes des t\u00e9l\u00e9visions, pour \u00eatre en conformit\u00e9 avec le deuil d\u00e9cr\u00e9t\u00e9.<\/p>\n<div class=\"mvp-org-wrap mvp-org-logo\" itemprop=\"publisher\" itemscope=\"\" itemtype=\"https:\/\/schema.org\/Organization\"><img decoding=\"async\" src=\"https:\/\/www.tunisienumerique.com\/wp-content\/uploads\/2017\/02\/logo_tunisie_numerique.png\"\/><\/div>\n<div class=\"swp_social_panel swp_horizontal_panel swp_flat_fresh swp_default_full_color swp_individual_full_color swp_other_full_color scale-100 scale-\" data-min-width=\"1100\" data-float-color=\"#ffffff\" data-float=\"none\" data-float-mobile=\"none\" data-transition=\"slide\">\n<div class=\"nc_tweetContainer swp_share_button total_shares total_sharesalt\"><span class=\"swp_count\">775 <span class=\"swp_label\">Partages<\/span><\/span><\/div>\n<\/div>\n<div class=\"mvp-related-posts left relative\">\n<h4 class=\"post-header\"><span class=\"post-header\">Lire aussi<\/span><\/h4>\n<\/div>\n<\/div>\n<p>Auteur: LM<br \/>\n<a href=\"https:\/\/www.tunisienumerique.com\/tunisie-au-liban-saad-al-hariri-decrete-trois-jours-de-deuil-national\/\">Cliquez ici pour lire l&rsquo;article depuis sa source.<\/a><\/p>\n","protected":false},"excerpt":{"rendered":"<p>775 Partages Le chef du gouvernement libanais, Sa\u00e2d Al Hariri a d\u00e9cr\u00e9t\u00e9, suite au d\u00e9c\u00e8s du pr\u00e9sident tunisien, B\u00e9ji Ca\u00efed Essebsi un deuil national de trois jours. Les drapeaux libanais seront mis en berne jusqu\u2019au samedi. Par ailleurs, Sa\u00e2d Al Hariri a ordonn\u00e9 la modification des programmes des t\u00e9l\u00e9visions, pour \u00eatre en conformit\u00e9 avec le [&hellip;]<\/p>\n","protected":false},"author":1789,"featured_media":48500,"comment_status":"closed","ping_status":"closed","sticky":false,"template":"","format":"standard","meta":{"fifu_image_url":"","fifu_image_alt":"","footnotes":""},"categories":[73,55],"tags":[],"class_list":["post-48499","post","type-post","status-publish","format-standard","has-post-thumbnail","hentry","category-actualite","category-tunisie"],"_links":{"self":[{"href":"https:\/\/linitiative.ca\/International\/wp-json\/wp\/v2\/posts\/48499","targetHints":{"allow":["GET"]}}],"collection":[{"href":"https:\/\/linitiative.ca\/International\/wp-json\/wp\/v2\/posts"}],"about":[{"href":"https:\/\/linitiative.ca\/International\/wp-json\/wp\/v2\/types\/post"}],"author":[{"embeddable":true,"href":"https:\/\/linitiative.ca\/International\/wp-json\/wp\/v2\/users\/1789"}],"replies":[{"embeddable":true,"href":"https:\/\/linitiative.ca\/International\/wp-json\/wp\/v2\/comments?post=48499"}],"version-history":[{"count":0,"href":"https:\/\/linitiative.ca\/International\/wp-json\/wp\/v2\/posts\/48499\/revisions"}],"wp:featuredmedia":[{"embeddable":true,"href":"https:\/\/linitiative.ca\/International\/wp-json\/"}],"wp:attachment":[{"href":"https:\/\/linitiative.ca\/International\/wp-json\/wp\/v2\/media?parent=48499"}],"wp:term":[{"taxonomy":"category","embeddable":true,"href":"https:\/\/linitiative.ca\/International\/wp-json\/wp\/v2\/categories?post=48499"},{"taxonomy":"post_tag","embeddable":true,"href":"https:\/\/linitiative.ca\/International\/wp-json\/wp\/v2\/tags?post=48499"}],"curies":[{"name":"wp","href":"https:\/\/api.w.org\/{rel}","templated":true}]}}