{"id":48501,"date":"2019-07-25T14:29:14","date_gmt":"2019-07-25T18:29:14","guid":{"rendered":"https:\/\/linitiative.ca\/International\/tunisie-slim-azzabi-jai-perdu-le-president-le-maitre-et-le-pere\/"},"modified":"2019-07-25T14:29:14","modified_gmt":"2019-07-25T18:29:14","slug":"tunisie-slim-azzabi-jai-perdu-le-president-le-maitre-et-le-pere","status":"publish","type":"post","link":"https:\/\/linitiative.ca\/International\/tunisie-slim-azzabi-jai-perdu-le-president-le-maitre-et-le-pere\/","title":{"rendered":"Tunisie \u2013 \u00a0Slim Azzabi\u00a0: J\u2019ai perdu le pr\u00e9sident, le ma\u00eetre et le p\u00e8re"},"content":{"rendered":"<div class=\"post-cont-in left relative\">\n<div class=\"swp_social_panel swp_horizontal_panel swp_flat_fresh swp_default_full_color swp_individual_full_color swp_other_full_color scale-100 scale-\" data-min-width=\"1100\" data-float-color=\"#ffffff\" data-float=\"none\" data-float-mobile=\"none\" data-transition=\"slide\">\n<div class=\"nc_tweetContainer swp_share_button total_shares total_sharesalt\"><span class=\"swp_count\">132 <span class=\"swp_label\">Partages<\/span><\/span><\/div>\n<\/div>\n<p>Le Secr\u00e9taire G\u00e9n\u00e9ral du parti Taya Tounes, Slim Azzabi qui avait rempli une certaines p\u00e9riode le r\u00f4le de chef du cabinet pr\u00e9sidentiel, a annonc\u00e9, aujourd\u2019hui sur sa page Facebook qu\u2019il a perdu en la personne de B\u00e9ji Ca\u00efed Essebsi, le pr\u00e9sident, le ma\u00eetre et le p\u00e8re.<\/p>\n<p>Il a annonc\u00e9 avoir perdu un homme qui a us\u00e9 sa vie au service de la Nation et qui en a \u00e9t\u00e9 l\u2019un des principaux piliers.<\/p>\n<div class=\"code-block code-block-1 c5\"><ins class=\"adsbygoogle c4\" data-ad-layout=\"in-article\" data-ad-format=\"fluid\" data-ad-client=\"ca-pub-2102118777505746\" data-ad-slot=\"7301775417\"\/> <\/div>\n<p>Azzabi a ajout\u00e9 qu\u2019il a tout appris de cet Homme surtout, le sens du travail pour la Nation et du respect de ses institutions.<\/p>\n<p><img loading=\"lazy\" decoding=\"async\" class=\"aligncenter size-full wp-image-450580\" src=\"https:\/\/www.tunisienumerique.com\/wp-content\/uploads\/2019\/07\/azzabi-post-1.jpg\" alt=\"\" width=\"568\" height=\"287\"\/><\/p>\n<div class=\"mvp-org-wrap mvp-org-logo\" itemprop=\"publisher\" itemscope=\"\" itemtype=\"https:\/\/schema.org\/Organization\"><img decoding=\"async\" src=\"https:\/\/www.tunisienumerique.com\/wp-content\/uploads\/2017\/02\/logo_tunisie_numerique.png\"\/><\/div>\n<div class=\"swp_social_panel swp_horizontal_panel swp_flat_fresh swp_default_full_color swp_individual_full_color swp_other_full_color scale-100 scale-\" data-min-width=\"1100\" data-float-color=\"#ffffff\" data-float=\"none\" data-float-mobile=\"none\" data-transition=\"slide\">\n<div class=\"nc_tweetContainer swp_share_button total_shares total_sharesalt\"><span class=\"swp_count\">132 <span class=\"swp_label\">Partages<\/span><\/span><\/div>\n<\/div>\n<div class=\"mvp-related-posts left relative\">\n<h4 class=\"post-header\"><span class=\"post-header\">Lire aussi<\/span><\/h4>\n<\/div>\n<\/div>\n<p>Auteur: LM<br \/>\n<a href=\"https:\/\/www.tunisienumerique.com\/tunisie-slim-azzabi-jai-perdu-le-president-le-maitre-et-le-pere\/\">Cliquez ici pour lire l&rsquo;article depuis sa source.<\/a><\/p>\n","protected":false},"excerpt":{"rendered":"<p>132 Partages Le Secr\u00e9taire G\u00e9n\u00e9ral du parti Taya Tounes, Slim Azzabi qui avait rempli une certaines p\u00e9riode le r\u00f4le de chef du cabinet pr\u00e9sidentiel, a annonc\u00e9, aujourd\u2019hui sur sa page Facebook qu\u2019il a perdu en la personne de B\u00e9ji Ca\u00efed Essebsi, le pr\u00e9sident, le ma\u00eetre et le p\u00e8re. Il a annonc\u00e9 avoir perdu un homme [&hellip;]<\/p>\n","protected":false},"author":1789,"featured_media":48502,"comment_status":"closed","ping_status":"closed","sticky":false,"template":"","format":"standard","meta":{"fifu_image_url":"","fifu_image_alt":"","footnotes":""},"categories":[73,55],"tags":[],"class_list":["post-48501","post","type-post","status-publish","format-standard","has-post-thumbnail","hentry","category-actualite","category-tunisie"],"_links":{"self":[{"href":"https:\/\/linitiative.ca\/International\/wp-json\/wp\/v2\/posts\/48501","targetHints":{"allow":["GET"]}}],"collection":[{"href":"https:\/\/linitiative.ca\/International\/wp-json\/wp\/v2\/posts"}],"about":[{"href":"https:\/\/linitiative.ca\/International\/wp-json\/wp\/v2\/types\/post"}],"author":[{"embeddable":true,"href":"https:\/\/linitiative.ca\/International\/wp-json\/wp\/v2\/users\/1789"}],"replies":[{"embeddable":true,"href":"https:\/\/linitiative.ca\/International\/wp-json\/wp\/v2\/comments?post=48501"}],"version-history":[{"count":0,"href":"https:\/\/linitiative.ca\/International\/wp-json\/wp\/v2\/posts\/48501\/revisions"}],"wp:featuredmedia":[{"embeddable":true,"href":"https:\/\/linitiative.ca\/International\/wp-json\/"}],"wp:attachment":[{"href":"https:\/\/linitiative.ca\/International\/wp-json\/wp\/v2\/media?parent=48501"}],"wp:term":[{"taxonomy":"category","embeddable":true,"href":"https:\/\/linitiative.ca\/International\/wp-json\/wp\/v2\/categories?post=48501"},{"taxonomy":"post_tag","embeddable":true,"href":"https:\/\/linitiative.ca\/International\/wp-json\/wp\/v2\/tags?post=48501"}],"curies":[{"name":"wp","href":"https:\/\/api.w.org\/{rel}","templated":true}]}}