{"id":48503,"date":"2019-07-25T14:39:49","date_gmt":"2019-07-25T18:39:49","guid":{"rendered":"https:\/\/linitiative.ca\/International\/tunisie-lelysee-presente-ses-condoleances-au-peuple-tunisien-en-arabe\/"},"modified":"2019-07-25T14:39:49","modified_gmt":"2019-07-25T18:39:49","slug":"tunisie-lelysee-presente-ses-condoleances-au-peuple-tunisien-en-arabe","status":"publish","type":"post","link":"https:\/\/linitiative.ca\/International\/tunisie-lelysee-presente-ses-condoleances-au-peuple-tunisien-en-arabe\/","title":{"rendered":"Tunisie \u2013 \u00a0L\u2019Elys\u00e9e pr\u00e9sente ses condol\u00e9ances au peuple tunisien en arabe"},"content":{"rendered":"<div class=\"post-cont-in left relative\">\n<div class=\"swp_social_panel swp_horizontal_panel swp_flat_fresh swp_default_full_color swp_individual_full_color swp_other_full_color scale-100 scale-\" data-min-width=\"1100\" data-float-color=\"#ffffff\" data-float=\"none\" data-float-mobile=\"none\" data-transition=\"slide\">\n<div class=\"nc_tweetContainer swp_share_button total_shares total_sharesalt\"><span class=\"swp_count\">182 <span class=\"swp_label\">Partages<\/span><\/span><\/div>\n<\/div>\n<p>La pr\u00e9sidence fran\u00e7aise a publi\u00e9 un tweet en arabe, pour annoncer le d\u00e9c\u00e8s du pr\u00e9sident tunisien, B\u00e9ji Ca\u00efed Essebsi. Le tweet annonce que la co\u00efncidence du d\u00e9c\u00e8s de B\u00e9ji Ca\u00efed Essebsi avec la f\u00eate nationale tunisienne, n\u2019est pas un simple hasard. Mais\u00a0le signe que son destin est \u00e9troitement li\u00e9 \u00e0 la Tunisie.<\/p>\n<p><img loading=\"lazy\" decoding=\"async\" class=\"aligncenter size-full wp-image-450585\" src=\"https:\/\/www.tunisienumerique.com\/wp-content\/uploads\/2019\/07\/elysee.jpg\" alt=\"\" width=\"422\" height=\"585\"\/><\/p>\n<div class=\"code-block code-block-1 c5\"><ins class=\"adsbygoogle c4\" data-ad-layout=\"in-article\" data-ad-format=\"fluid\" data-ad-client=\"ca-pub-2102118777505746\" data-ad-slot=\"7301775417\"\/> <\/div>\n<div class=\"mvp-org-wrap mvp-org-logo\" itemprop=\"publisher\" itemscope=\"\" itemtype=\"https:\/\/schema.org\/Organization\"><img decoding=\"async\" src=\"https:\/\/www.tunisienumerique.com\/wp-content\/uploads\/2017\/02\/logo_tunisie_numerique.png\"\/><\/div>\n<div class=\"swp_social_panel swp_horizontal_panel swp_flat_fresh swp_default_full_color swp_individual_full_color swp_other_full_color scale-100 scale-\" data-min-width=\"1100\" data-float-color=\"#ffffff\" data-float=\"none\" data-float-mobile=\"none\" data-transition=\"slide\">\n<div class=\"nc_tweetContainer swp_share_button total_shares total_sharesalt\"><span class=\"swp_count\">182 <span class=\"swp_label\">Partages<\/span><\/span><\/div>\n<\/div>\n<div class=\"mvp-related-posts left relative\">\n<h4 class=\"post-header\"><span class=\"post-header\">Lire aussi<\/span><\/h4>\n<\/div>\n<\/div>\n<p>Auteur: LM<br \/>\n<a href=\"https:\/\/www.tunisienumerique.com\/tunisie-lelysee-presente-ses-condoleances-au-peuple-tunisien-en-arabe\/\">Cliquez ici pour lire l&rsquo;article depuis sa source.<\/a><\/p>\n","protected":false},"excerpt":{"rendered":"<p>182 Partages La pr\u00e9sidence fran\u00e7aise a publi\u00e9 un tweet en arabe, pour annoncer le d\u00e9c\u00e8s du pr\u00e9sident tunisien, B\u00e9ji Ca\u00efed Essebsi. Le tweet annonce que la co\u00efncidence du d\u00e9c\u00e8s de B\u00e9ji Ca\u00efed Essebsi avec la f\u00eate nationale tunisienne, n\u2019est pas un simple hasard. Mais\u00a0le signe que son destin est \u00e9troitement li\u00e9 \u00e0 la Tunisie. 182 [&hellip;]<\/p>\n","protected":false},"author":1789,"featured_media":48504,"comment_status":"closed","ping_status":"closed","sticky":false,"template":"","format":"standard","meta":{"fifu_image_url":"","fifu_image_alt":"","footnotes":""},"categories":[73,55],"tags":[],"class_list":["post-48503","post","type-post","status-publish","format-standard","has-post-thumbnail","hentry","category-actualite","category-tunisie"],"_links":{"self":[{"href":"https:\/\/linitiative.ca\/International\/wp-json\/wp\/v2\/posts\/48503","targetHints":{"allow":["GET"]}}],"collection":[{"href":"https:\/\/linitiative.ca\/International\/wp-json\/wp\/v2\/posts"}],"about":[{"href":"https:\/\/linitiative.ca\/International\/wp-json\/wp\/v2\/types\/post"}],"author":[{"embeddable":true,"href":"https:\/\/linitiative.ca\/International\/wp-json\/wp\/v2\/users\/1789"}],"replies":[{"embeddable":true,"href":"https:\/\/linitiative.ca\/International\/wp-json\/wp\/v2\/comments?post=48503"}],"version-history":[{"count":0,"href":"https:\/\/linitiative.ca\/International\/wp-json\/wp\/v2\/posts\/48503\/revisions"}],"wp:featuredmedia":[{"embeddable":true,"href":"https:\/\/linitiative.ca\/International\/wp-json\/"}],"wp:attachment":[{"href":"https:\/\/linitiative.ca\/International\/wp-json\/wp\/v2\/media?parent=48503"}],"wp:term":[{"taxonomy":"category","embeddable":true,"href":"https:\/\/linitiative.ca\/International\/wp-json\/wp\/v2\/categories?post=48503"},{"taxonomy":"post_tag","embeddable":true,"href":"https:\/\/linitiative.ca\/International\/wp-json\/wp\/v2\/tags?post=48503"}],"curies":[{"name":"wp","href":"https:\/\/api.w.org\/{rel}","templated":true}]}}