{"id":48505,"date":"2019-07-25T14:50:12","date_gmt":"2019-07-25T18:50:12","guid":{"rendered":"https:\/\/linitiative.ca\/International\/tunisie-chahed-larmee-nationale-assurera-les-funerailles-nationales-de-beji-caied-essebsi\/"},"modified":"2019-07-25T14:50:12","modified_gmt":"2019-07-25T18:50:12","slug":"tunisie-chahed-larmee-nationale-assurera-les-funerailles-nationales-de-beji-caied-essebsi","status":"publish","type":"post","link":"https:\/\/linitiative.ca\/International\/tunisie-chahed-larmee-nationale-assurera-les-funerailles-nationales-de-beji-caied-essebsi\/","title":{"rendered":"Tunisie \u2013 \u00a0Chahed\u00a0: L\u2019arm\u00e9e nationale assurera les fun\u00e9railles nationales de B\u00e9ji Ca\u00efed Essebsi"},"content":{"rendered":"<div class=\"post-cont-in left relative\">\n<div class=\"swp_social_panel swp_horizontal_panel swp_flat_fresh swp_default_full_color swp_individual_full_color swp_other_full_color scale-100 scale-\" data-min-width=\"1100\" data-float-color=\"#ffffff\" data-float=\"none\" data-float-mobile=\"none\" data-transition=\"slide\">\n<div class=\"nc_tweetContainer swp_share_button total_shares total_sharesalt\"><span class=\"swp_count\">88 <span class=\"swp_label\">Partages<\/span><\/span><\/div>\n<\/div>\n<p>Le chef du gouvernement, Youssef Chahed a annonc\u00e9, du si\u00e8ge de l\u2019ARP, suite \u00e0 la r\u00e9union qui a trait\u00e9 des dispositions \u00e0 prendre pour les fun\u00e9railles du d\u00e9funt pr\u00e9sident de la E\u00e9publique, B\u00e9ji Ca\u00efed Essebsi que l\u2019arm\u00e9e nationale\u00a0allait assurer les fun\u00e9railles nationales du d\u00e9funt. Il a ajout\u00e9 que de nombreuses personnalit\u00e9s mondiales vont assister \u00e0\u00a0la c\u00e9r\u00e9monie<\/p>\n<p>Il a termin\u00e9 son intervention en d\u00e9clarant que le d\u00e9c\u00e8s de B\u00e9ji Ca\u00efed Essebsi\u00a0\u00e9tait une grande perte pour le pays.<\/p>\n<div class=\"code-block code-block-1 c5\"><ins class=\"adsbygoogle c4\" data-ad-layout=\"in-article\" data-ad-format=\"fluid\" data-ad-client=\"ca-pub-2102118777505746\" data-ad-slot=\"7301775417\"\/> <\/div>\n<div class=\"mvp-org-wrap mvp-org-logo\" itemprop=\"publisher\" itemscope=\"\" itemtype=\"https:\/\/schema.org\/Organization\"><img decoding=\"async\" src=\"https:\/\/www.tunisienumerique.com\/wp-content\/uploads\/2017\/02\/logo_tunisie_numerique.png\"\/><\/div>\n<div class=\"swp_social_panel swp_horizontal_panel swp_flat_fresh swp_default_full_color swp_individual_full_color swp_other_full_color scale-100 scale-\" data-min-width=\"1100\" data-float-color=\"#ffffff\" data-float=\"none\" data-float-mobile=\"none\" data-transition=\"slide\">\n<div class=\"nc_tweetContainer swp_share_button total_shares total_sharesalt\"><span class=\"swp_count\">88 <span class=\"swp_label\">Partages<\/span><\/span><\/div>\n<\/div>\n<div class=\"mvp-related-posts left relative\">\n<h4 class=\"post-header\"><span class=\"post-header\">Lire aussi<\/span><\/h4>\n<\/div>\n<\/div>\n<p>Auteur: LM<br \/>\n<a href=\"https:\/\/www.tunisienumerique.com\/tunisie-chahed-larmee-nationale-assurera-les-funerailles-nationales-de-beji-caied-essebsi\/\">Cliquez ici pour lire l&rsquo;article depuis sa source.<\/a><\/p>\n","protected":false},"excerpt":{"rendered":"<p>88 Partages Le chef du gouvernement, Youssef Chahed a annonc\u00e9, du si\u00e8ge de l\u2019ARP, suite \u00e0 la r\u00e9union qui a trait\u00e9 des dispositions \u00e0 prendre pour les fun\u00e9railles du d\u00e9funt pr\u00e9sident de la E\u00e9publique, B\u00e9ji Ca\u00efed Essebsi que l\u2019arm\u00e9e nationale\u00a0allait assurer les fun\u00e9railles nationales du d\u00e9funt. Il a ajout\u00e9 que de nombreuses personnalit\u00e9s mondiales vont [&hellip;]<\/p>\n","protected":false},"author":1789,"featured_media":48506,"comment_status":"closed","ping_status":"closed","sticky":false,"template":"","format":"standard","meta":{"fifu_image_url":"","fifu_image_alt":"","footnotes":""},"categories":[73,55],"tags":[],"class_list":["post-48505","post","type-post","status-publish","format-standard","has-post-thumbnail","hentry","category-actualite","category-tunisie"],"_links":{"self":[{"href":"https:\/\/linitiative.ca\/International\/wp-json\/wp\/v2\/posts\/48505","targetHints":{"allow":["GET"]}}],"collection":[{"href":"https:\/\/linitiative.ca\/International\/wp-json\/wp\/v2\/posts"}],"about":[{"href":"https:\/\/linitiative.ca\/International\/wp-json\/wp\/v2\/types\/post"}],"author":[{"embeddable":true,"href":"https:\/\/linitiative.ca\/International\/wp-json\/wp\/v2\/users\/1789"}],"replies":[{"embeddable":true,"href":"https:\/\/linitiative.ca\/International\/wp-json\/wp\/v2\/comments?post=48505"}],"version-history":[{"count":0,"href":"https:\/\/linitiative.ca\/International\/wp-json\/wp\/v2\/posts\/48505\/revisions"}],"wp:featuredmedia":[{"embeddable":true,"href":"https:\/\/linitiative.ca\/International\/wp-json\/"}],"wp:attachment":[{"href":"https:\/\/linitiative.ca\/International\/wp-json\/wp\/v2\/media?parent=48505"}],"wp:term":[{"taxonomy":"category","embeddable":true,"href":"https:\/\/linitiative.ca\/International\/wp-json\/wp\/v2\/categories?post=48505"},{"taxonomy":"post_tag","embeddable":true,"href":"https:\/\/linitiative.ca\/International\/wp-json\/wp\/v2\/tags?post=48505"}],"curies":[{"name":"wp","href":"https:\/\/api.w.org\/{rel}","templated":true}]}}