{"id":48509,"date":"2019-07-25T16:19:47","date_gmt":"2019-07-25T20:19:47","guid":{"rendered":"https:\/\/linitiative.ca\/International\/deces-de-bce-lalgerie-suspend-toutes-les-festivites-et-manifestations-culturelles\/"},"modified":"2019-07-25T16:19:47","modified_gmt":"2019-07-25T20:19:47","slug":"deces-de-bce-lalgerie-suspend-toutes-les-festivites-et-manifestations-culturelles","status":"publish","type":"post","link":"https:\/\/linitiative.ca\/International\/deces-de-bce-lalgerie-suspend-toutes-les-festivites-et-manifestations-culturelles\/","title":{"rendered":"D\u00e9c\u00e8s de BCE\u00a0: L\u2019Alg\u00e9rie suspend toutes les festivit\u00e9s et manifestations culturelles"},"content":{"rendered":"<div class=\"post-cont-in left relative\">\n<div class=\"swp_social_panel swp_horizontal_panel swp_flat_fresh swp_default_full_color swp_individual_full_color swp_other_full_color scale-100 scale-\" data-min-width=\"1100\" data-float-color=\"#ffffff\" data-float=\"none\" data-float-mobile=\"none\" data-transition=\"slide\">\n<div class=\"nc_tweetContainer swp_share_button total_shares total_sharesalt\"><span class=\"swp_count\">898 <span class=\"swp_label\">Partages<\/span><\/span><\/div>\n<\/div>\n<p>L\u2019office national de la culture et de l\u2019information alg\u00e9rien a annonc\u00e9 que suite au d\u00e9c\u00e8s du pr\u00e9sident tunisien, B\u00e9ji Ca\u00efed Essebsi, il a \u00e9t\u00e9 d\u00e9cid\u00e9 de suspendre toutes les festivit\u00e9s et manifestations culturelles programm\u00e9es par l\u2019office, jusqu\u2019\u00e0 nouvel ordre.<\/p>\n<div class=\"mvp-org-wrap mvp-org-logo\" itemprop=\"publisher\" itemscope=\"\" itemtype=\"https:\/\/schema.org\/Organization\"><img decoding=\"async\" src=\"https:\/\/www.tunisienumerique.com\/wp-content\/uploads\/2017\/02\/logo_tunisie_numerique.png\"\/><\/div>\n<div class=\"swp_social_panel swp_horizontal_panel swp_flat_fresh swp_default_full_color swp_individual_full_color swp_other_full_color scale-100 scale-\" data-min-width=\"1100\" data-float-color=\"#ffffff\" data-float=\"none\" data-float-mobile=\"none\" data-transition=\"slide\">\n<div class=\"nc_tweetContainer swp_share_button total_shares total_sharesalt\"><span class=\"swp_count\">898 <span class=\"swp_label\">Partages<\/span><\/span><\/div>\n<\/div>\n<div class=\"mvp-related-posts left relative\">\n<h4 class=\"post-header\"><span class=\"post-header\">Lire aussi<\/span><\/h4>\n<\/div>\n<\/div>\n<p>Auteur: LM<br \/>\n<a href=\"https:\/\/www.tunisienumerique.com\/deces-de-bce-lalgerie-suspend-toutes-les-festivites-et-manifestations-culturelles\/\">Cliquez ici pour lire l&rsquo;article depuis sa source.<\/a><\/p>\n","protected":false},"excerpt":{"rendered":"<p>898 Partages L\u2019office national de la culture et de l\u2019information alg\u00e9rien a annonc\u00e9 que suite au d\u00e9c\u00e8s du pr\u00e9sident tunisien, B\u00e9ji Ca\u00efed Essebsi, il a \u00e9t\u00e9 d\u00e9cid\u00e9 de suspendre toutes les festivit\u00e9s et manifestations culturelles programm\u00e9es par l\u2019office, jusqu\u2019\u00e0 nouvel ordre. 898 Partages Lire aussi Auteur: LM Cliquez ici pour lire l&rsquo;article depuis sa source.<\/p>\n","protected":false},"author":1789,"featured_media":48510,"comment_status":"closed","ping_status":"closed","sticky":false,"template":"","format":"standard","meta":{"fifu_image_url":"","fifu_image_alt":"","footnotes":""},"categories":[73,55],"tags":[],"class_list":["post-48509","post","type-post","status-publish","format-standard","has-post-thumbnail","hentry","category-actualite","category-tunisie"],"_links":{"self":[{"href":"https:\/\/linitiative.ca\/International\/wp-json\/wp\/v2\/posts\/48509","targetHints":{"allow":["GET"]}}],"collection":[{"href":"https:\/\/linitiative.ca\/International\/wp-json\/wp\/v2\/posts"}],"about":[{"href":"https:\/\/linitiative.ca\/International\/wp-json\/wp\/v2\/types\/post"}],"author":[{"embeddable":true,"href":"https:\/\/linitiative.ca\/International\/wp-json\/wp\/v2\/users\/1789"}],"replies":[{"embeddable":true,"href":"https:\/\/linitiative.ca\/International\/wp-json\/wp\/v2\/comments?post=48509"}],"version-history":[{"count":0,"href":"https:\/\/linitiative.ca\/International\/wp-json\/wp\/v2\/posts\/48509\/revisions"}],"wp:featuredmedia":[{"embeddable":true,"href":"https:\/\/linitiative.ca\/International\/wp-json\/"}],"wp:attachment":[{"href":"https:\/\/linitiative.ca\/International\/wp-json\/wp\/v2\/media?parent=48509"}],"wp:term":[{"taxonomy":"category","embeddable":true,"href":"https:\/\/linitiative.ca\/International\/wp-json\/wp\/v2\/categories?post=48509"},{"taxonomy":"post_tag","embeddable":true,"href":"https:\/\/linitiative.ca\/International\/wp-json\/wp\/v2\/tags?post=48509"}],"curies":[{"name":"wp","href":"https:\/\/api.w.org\/{rel}","templated":true}]}}